{"id":39854,"date":"2026-03-09T12:42:01","date_gmt":"2026-03-09T11:42:01","guid":{"rendered":"https:\/\/adimir.org\/?p=39854"},"modified":"2026-03-09T13:46:04","modified_gmt":"2026-03-09T12:46:04","slug":"sortida-esplai-parc-de-la-llacuna","status":"publish","type":"post","link":"https:\/\/adimir.org\/ca\/sortida-esplai-parc-de-la-llacuna\/","title":{"rendered":"Sortida de l&#8217;Esplai al Parc de la Llacuna"},"content":{"rendered":"<p><div class=\"fusion-fullwidth fullwidth-box fusion-builder-row-1 fusion-flex-container has-pattern-background has-mask-background nonhundred-percent-fullwidth non-hundred-percent-height-scrolling\" style=\"--link_color: var(--awb-color5);--awb-border-radius-top-left:0px;--awb-border-radius-top-right:0px;--awb-border-radius-bottom-right:0px;--awb-border-radius-bottom-left:0px;--awb-margin-bottom:30px;--awb-flex-wrap:wrap;\" ><div class=\"fusion-builder-row fusion-row fusion-flex-align-items-flex-start fusion-flex-content-wrap\" style=\"max-width:1508px;margin-left: calc(-4% \/ 2 );margin-right: calc(-4% \/ 2 );\"><div class=\"fusion-layout-column fusion_builder_column fusion-builder-column-0 fusion_builder_column_1_3 1_3 fusion-flex-column\" style=\"--awb-overflow:hidden;--awb-bg-color-hover:var(--awb-color3);--awb-bg-size:cover;--awb-border-color:var(--awb-color5);--awb-border-top:1px;--awb-border-right:1px;--awb-border-bottom:1px;--awb-border-left:1px;--awb-border-style:solid;--awb-border-radius:5px 5px 5px 5px;--awb-width-large:33.333333333333%;--awb-margin-top-large:0px;--awb-spacing-right-large:5.76%;--awb-margin-bottom-large:0px;--awb-spacing-left-large:5.76%;--awb-width-medium:33.333333333333%;--awb-order-medium:0;--awb-spacing-right-medium:5.76%;--awb-spacing-left-medium:5.76%;--awb-width-small:100%;--awb-order-small:0;--awb-spacing-right-small:1.92%;--awb-spacing-left-small:1.92%;\" data-scroll-devices=\"small-visibility,medium-visibility,large-visibility\"><div class=\"fusion-column-wrapper fusion-column-has-shadow fusion-flex-justify-content-flex-start fusion-content-layout-column\"><div class=\"fusion-builder-row fusion-builder-row-inner fusion-row fusion-flex-align-items-flex-start fusion-flex-content-wrap\" style=\"--awb-flex-grow:0;--awb-flex-grow-medium:0;--awb-flex-grow-small:0;--awb-flex-shrink:0;--awb-flex-shrink-medium:0;--awb-flex-shrink-small:0;width:104% !important;max-width:104% !important;margin-left: calc(-4% \/ 2 );margin-right: calc(-4% \/ 2 );\"><div class=\"fusion-layout-column fusion_builder_column_inner fusion-builder-nested-column-0 fusion_builder_column_inner_1_3 1_3 fusion-flex-column fusion-column-inner-bg-wrapper\" style=\"--awb-inner-bg-color-hover:var(--awb-color3);--awb-inner-bg-size:cover;--awb-border-color:var(--awb-color5);--awb-border-style:solid;--awb-width-large:33.333333333333%;--awb-margin-top-large:0px;--awb-spacing-right-large:5.76%;--awb-margin-bottom-large:0px;--awb-spacing-left-large:5.76%;--awb-width-medium:33.333333333333%;--awb-order-medium:0;--awb-spacing-right-medium:5.76%;--awb-spacing-left-medium:5.76%;--awb-width-small:100%;--awb-order-small:0;--awb-spacing-right-small:1.92%;--awb-spacing-left-small:1.92%;\" data-scroll-devices=\"small-visibility,medium-visibility,large-visibility\"><span class=\"fusion-column-inner-bg hover-type-none\"><a class=\"fusion-column-anchor\" href=\"\/ca\/sortida-esplai-parc-llacuna-lecturafacil\/\"><span class=\"fusion-column-inner-bg-image\"><\/span><\/a><\/span><div class=\"fusion-column-wrapper fusion-column-has-shadow fusion-flex-justify-content-flex-start fusion-content-layout-column\"><div class=\"fusion-image-element \" style=\"--awb-margin-bottom:0px;--awb-max-width:70px;--awb-caption-title-font-family:var(--h2_typography-font-family);--awb-caption-title-font-weight:var(--h2_typography-font-weight);--awb-caption-title-font-style:var(--h2_typography-font-style);--awb-caption-title-size:var(--h2_typography-font-size);--awb-caption-title-transform:var(--h2_typography-text-transform);--awb-caption-title-line-height:var(--h2_typography-line-height);--awb-caption-title-letter-spacing:var(--h2_typography-letter-spacing);\"><span class=\" fusion-imageframe imageframe-none imageframe-1 hover-type-none\"><a class=\"fusion-no-lightbox\" href=\"\/ca\/sortida-esplai-parc-llacuna-lecturafacil\/\" target=\"_self\" aria-label=\"LecturaFacil-Calidad\"><img decoding=\"async\" width=\"817\" height=\"810\" alt=\"Lectura f\u00e1cil Adimir\" src=\"https:\/\/adimir.org\/wp-content\/uploads\/LecturaFacil-Calidad.webp\" class=\"img-responsive wp-image-37383\" srcset=\"https:\/\/adimir.org\/wp-content\/uploads\/LecturaFacil-Calidad-200x198.webp 200w, https:\/\/adimir.org\/wp-content\/uploads\/LecturaFacil-Calidad-400x397.webp 400w, https:\/\/adimir.org\/wp-content\/uploads\/LecturaFacil-Calidad-600x595.webp 600w, https:\/\/adimir.org\/wp-content\/uploads\/LecturaFacil-Calidad-800x793.webp 800w, https:\/\/adimir.org\/wp-content\/uploads\/LecturaFacil-Calidad.webp 817w\" sizes=\"(max-width: 640px) 100vw, 600px\" \/><\/a><\/span><\/div><\/div><\/div><div class=\"fusion-layout-column fusion_builder_column_inner fusion-builder-nested-column-1 fusion_builder_column_inner_2_3 2_3 fusion-flex-column fusion-flex-align-self-center fusion-column-inner-bg-wrapper\" style=\"--awb-inner-bg-size:cover;--awb-width-large:66.666666666667%;--awb-margin-top-large:0px;--awb-spacing-right-large:2.88%;--awb-margin-bottom-large:0px;--awb-spacing-left-large:2.88%;--awb-width-medium:66.666666666667%;--awb-order-medium:0;--awb-spacing-right-medium:2.88%;--awb-spacing-left-medium:2.88%;--awb-width-small:100%;--awb-order-small:0;--awb-spacing-right-small:1.92%;--awb-spacing-left-small:1.92%;\" data-scroll-devices=\"small-visibility,medium-visibility,large-visibility\"><span class=\"fusion-column-inner-bg hover-type-none\"><a class=\"fusion-column-anchor\" href=\"\/ca\/sortida-esplai-parc-llacuna-lecturafacil\/\"><span class=\"fusion-column-inner-bg-image\"><\/span><\/a><\/span><div class=\"fusion-column-wrapper fusion-column-has-shadow fusion-flex-justify-content-flex-start fusion-content-layout-column\"><div class=\"fusion-text fusion-text-1 fusion-text-no-margin\" style=\"--awb-margin-top:0px;--awb-margin-right:0px;--awb-margin-bottom:0px;--awb-margin-left:0px;\"><p><a href=\"\/ca\/sortida-esplai-parc-llacuna-lecturafacil\/\">Lectura f\u00e0cil<\/a><\/p>\n<\/div><\/div><\/div><\/div><\/div><\/div><div class=\"fusion-layout-column fusion_builder_column fusion-builder-column-1 fusion_builder_column_1_3 1_3 fusion-flex-column\" style=\"--awb-bg-size:cover;--awb-width-large:33.333333333333%;--awb-margin-top-large:0px;--awb-spacing-right-large:5.76%;--awb-margin-bottom-large:20px;--awb-spacing-left-large:5.76%;--awb-width-medium:33.333333333333%;--awb-order-medium:0;--awb-spacing-right-medium:5.76%;--awb-spacing-left-medium:5.76%;--awb-width-small:100%;--awb-order-small:0;--awb-spacing-right-small:1.92%;--awb-spacing-left-small:1.92%;\"><div class=\"fusion-column-wrapper fusion-column-has-shadow fusion-flex-justify-content-flex-start fusion-content-layout-column\"><\/div><\/div><div class=\"fusion-layout-column fusion_builder_column fusion-builder-column-2 fusion_builder_column_1_3 1_3 fusion-flex-column\" style=\"--awb-bg-size:cover;--awb-width-large:33.333333333333%;--awb-margin-top-large:0px;--awb-spacing-right-large:5.76%;--awb-margin-bottom-large:20px;--awb-spacing-left-large:5.76%;--awb-width-medium:33.333333333333%;--awb-order-medium:0;--awb-spacing-right-medium:5.76%;--awb-spacing-left-medium:5.76%;--awb-width-small:100%;--awb-order-small:0;--awb-spacing-right-small:1.92%;--awb-spacing-left-small:1.92%;\"><div class=\"fusion-column-wrapper fusion-column-has-shadow fusion-flex-justify-content-flex-start fusion-content-layout-column\"><\/div><\/div><\/div><\/div><div class=\"fusion-fullwidth fullwidth-box fusion-builder-row-2 fusion-flex-container has-pattern-background has-mask-background nonhundred-percent-fullwidth non-hundred-percent-height-scrolling\" style=\"--awb-border-radius-top-left:0px;--awb-border-radius-top-right:0px;--awb-border-radius-bottom-right:0px;--awb-border-radius-bottom-left:0px;--awb-flex-wrap:wrap;\" ><div class=\"fusion-builder-row fusion-row fusion-flex-align-items-flex-start fusion-flex-content-wrap\" style=\"max-width:1508px;margin-left: calc(-4% \/ 2 );margin-right: calc(-4% \/ 2 );\"><div class=\"fusion-layout-column fusion_builder_column fusion-builder-column-3 fusion_builder_column_2_3 2_3 fusion-flex-column fusion-flex-align-self-center\" style=\"--awb-bg-size:cover;--awb-width-large:66.666666666667%;--awb-margin-top-large:0px;--awb-spacing-right-large:2.88%;--awb-margin-bottom-large:20px;--awb-spacing-left-large:2.88%;--awb-width-medium:66.666666666667%;--awb-order-medium:0;--awb-spacing-right-medium:2.88%;--awb-spacing-left-medium:2.88%;--awb-width-small:100%;--awb-order-small:0;--awb-spacing-right-small:1.92%;--awb-spacing-left-small:1.92%;\" data-scroll-devices=\"small-visibility,medium-visibility,large-visibility\"><div class=\"fusion-column-wrapper fusion-column-has-shadow fusion-flex-justify-content-flex-start fusion-content-layout-column\"><div class=\"fusion-text fusion-text-2 fusion-text-no-margin\" style=\"--awb-content-alignment:justify;--awb-font-size:var(--awb-typography4-font-size);--awb-line-height:var(--awb-typography4-line-height);--awb-letter-spacing:var(--awb-typography4-letter-spacing);--awb-text-transform:var(--awb-typography4-text-transform);--awb-text-color:var(--awb-color5);--awb-margin-bottom:10px;--awb-text-font-family:var(--awb-typography4-font-family);--awb-text-font-weight:var(--awb-typography4-font-weight);--awb-text-font-style:var(--awb-typography4-font-style);\"><p>El dissabte 28 de febrer, <strong>l\u2019Esplai Infantil i l\u2019Esplai de Joves<\/strong> van realitzar una <strong>sortida conjunta al Parc de la Llacuna<\/strong>, on es va dur a terme un mat\u00ed d\u2019activitats esportives, l\u00fadiques i educatives pensades per fomentar la participaci\u00f3, la cooperaci\u00f3 i la conviv\u00e8ncia entre els infants i joves.<\/p>\n<p>La jornada va comen\u00e7ar en el <strong>circuit d\u2019educaci\u00f3 vi\u00e0ria del parc de la Llacuna<\/strong>, amb una activitat amb bicicletes BMX, una activitat que va ser possible gr\u00e0cies a la <strong>col\u00b7laboraci\u00f3 de l\u2019entitat Catalonia Team BMX de Montcada i Reixac<\/strong>, que ens van cedir les bicicletes i els cascos necessaris per dur-la a terme. A m\u00e9s, volem agrair especialment la implicaci\u00f3 de dos voluntaris d\u2019aquesta entitat que, amb la seva ajuda, van fer possible el correcte desenvolupament de l\u2019activitat.<\/p>\n<\/div><\/div><\/div><div class=\"fusion-layout-column fusion_builder_column fusion-builder-column-4 fusion_builder_column_1_3 1_3 fusion-flex-column\" style=\"--awb-bg-size:cover;--awb-width-large:33.333333333333%;--awb-margin-top-large:0px;--awb-spacing-right-large:5.76%;--awb-margin-bottom-large:20px;--awb-spacing-left-large:5.76%;--awb-width-medium:33.333333333333%;--awb-order-medium:0;--awb-spacing-right-medium:5.76%;--awb-spacing-left-medium:5.76%;--awb-width-small:100%;--awb-order-small:0;--awb-spacing-right-small:1.92%;--awb-spacing-left-small:1.92%;\"><div class=\"fusion-column-wrapper fusion-column-has-shadow fusion-flex-justify-content-flex-start fusion-content-layout-column\"><div class=\"fusion-video fusion-selfhosted-video\" style=\"max-width:100%;\"><div class=\"video-wrapper\"><video playsinline=\"true\" width=\"100%\" style=\"object-fit: cover;\" muted=\"true\" loop=\"true\" preload=\"auto\" controls=\"1\"><source src=\"\/video\/2026_EsplaiParcLlacuna_8.mp4\" type=\"video\/mp4\">Sorry, your browser doesn&#039;t support embedded videos.<\/video><\/div><\/div><\/div><\/div><div class=\"fusion-layout-column fusion_builder_column fusion-builder-column-5 fusion_builder_column_1_1 1_1 fusion-flex-column\" style=\"--awb-bg-size:cover;--awb-width-large:100%;--awb-margin-top-large:20px;--awb-spacing-right-large:1.92%;--awb-margin-bottom-large:50px;--awb-spacing-left-large:1.92%;--awb-width-medium:100%;--awb-order-medium:0;--awb-spacing-right-medium:1.92%;--awb-spacing-left-medium:1.92%;--awb-width-small:100%;--awb-order-small:0;--awb-spacing-right-small:1.92%;--awb-spacing-left-small:1.92%;\" data-scroll-devices=\"small-visibility,medium-visibility,large-visibility\"><div class=\"fusion-column-wrapper fusion-column-has-shadow fusion-flex-justify-content-flex-start fusion-content-layout-column\"><div class=\"awb-gallery-wrapper awb-gallery-wrapper-1 button-span-no\" style=\"--more-btn-alignment:center;\"><div style=\"margin:-5px;--awb-bordersize:0px;\" class=\"fusion-gallery fusion-gallery-container fusion-grid-4 fusion-columns-total-4 fusion-gallery-layout-masonry fusion-gallery-1\"><div class=\"fusion-grid-column fusion-gallery-column fusion-gallery-column-4 hover-type-none fusion-grid-sizer\"><\/div><div style=\"padding:5px;\" class=\"fusion-grid-column fusion-gallery-column fusion-gallery-column-4 hover-type-none fusion-element-grid\"><div class=\"fusion-gallery-image\"><a href=\"https:\/\/adimir.org\/wp-content\/uploads\/2026_EsplaiParcLlacuna_1.webp\" rel=\"noreferrer\" data-rel=\"iLightbox[adimirBicis]\" class=\"fusion-lightbox\" target=\"_self\"><div style=\"background-image:url(https:\/\/adimir.org\/wp-content\/uploads\/2026_EsplaiParcLlacuna_1.webp);padding-top:calc((100% + 10px) * 0.8 - 5px);background-position:50% 60%;\" class=\"fusion-masonry-element-container\"><img decoding=\"async\" src=\"https:\/\/adimir.org\/wp-content\/uploads\/2026_EsplaiParcLlacuna_1.webp\" width=\"1080\" height=\"1440\" alt=\"esplai al parc de la llacuna\" title=\"2026_EsplaiParcLlacuna_1\" aria-label=\"2026_EsplaiParcLlacuna_1\" class=\"img-responsive wp-image-39800\" srcset=\"https:\/\/adimir.org\/wp-content\/uploads\/2026_EsplaiParcLlacuna_1-200x267.webp 200w, https:\/\/adimir.org\/wp-content\/uploads\/2026_EsplaiParcLlacuna_1-400x533.webp 400w, https:\/\/adimir.org\/wp-content\/uploads\/2026_EsplaiParcLlacuna_1-600x800.webp 600w, https:\/\/adimir.org\/wp-content\/uploads\/2026_EsplaiParcLlacuna_1-800x1067.webp 800w, https:\/\/adimir.org\/wp-content\/uploads\/2026_EsplaiParcLlacuna_1.webp 1080w\" sizes=\"(min-width: 2200px) 100vw, (min-width: 856px) 359px, (min-width: 784px) 478px, (min-width: 712px) 784px, (min-width: 640px) 712px, \" \/><\/div><\/a><\/div><\/div><div style=\"padding:5px;\" class=\"fusion-grid-column fusion-gallery-column fusion-gallery-column-4 hover-type-none fusion-element-grid\"><div class=\"fusion-gallery-image\"><a href=\"https:\/\/adimir.org\/wp-content\/uploads\/2026_EsplaiParcLlacuna_2.webp\" rel=\"noreferrer\" data-rel=\"iLightbox[adimirBicis]\" class=\"fusion-lightbox\" target=\"_self\"><div style=\"background-image:url(https:\/\/adimir.org\/wp-content\/uploads\/2026_EsplaiParcLlacuna_2.webp);padding-top:calc((100% + 10px) * 0.8 - 5px);background-position:50% 66%;\" class=\"fusion-masonry-element-container\"><img decoding=\"async\" src=\"https:\/\/adimir.org\/wp-content\/uploads\/2026_EsplaiParcLlacuna_2.webp\" width=\"1080\" height=\"1440\" alt=\"esplai al parc de la llacuna\" title=\"2026_EsplaiParcLlacuna_2\" aria-label=\"2026_EsplaiParcLlacuna_2\" class=\"img-responsive wp-image-39802\" srcset=\"https:\/\/adimir.org\/wp-content\/uploads\/2026_EsplaiParcLlacuna_2-200x267.webp 200w, https:\/\/adimir.org\/wp-content\/uploads\/2026_EsplaiParcLlacuna_2-400x533.webp 400w, https:\/\/adimir.org\/wp-content\/uploads\/2026_EsplaiParcLlacuna_2-600x800.webp 600w, https:\/\/adimir.org\/wp-content\/uploads\/2026_EsplaiParcLlacuna_2-800x1067.webp 800w, https:\/\/adimir.org\/wp-content\/uploads\/2026_EsplaiParcLlacuna_2.webp 1080w\" sizes=\"(min-width: 2200px) 100vw, (min-width: 856px) 359px, (min-width: 784px) 478px, (min-width: 712px) 784px, (min-width: 640px) 712px, \" \/><\/div><\/a><\/div><\/div><div style=\"padding:5px;\" class=\"fusion-grid-column fusion-gallery-column fusion-gallery-column-4 hover-type-none fusion-element-grid\"><div class=\"fusion-gallery-image\"><a href=\"https:\/\/adimir.org\/wp-content\/uploads\/2026_EsplaiParcLlacuna_3.webp\" rel=\"noreferrer\" data-rel=\"iLightbox[adimirBicis]\" class=\"fusion-lightbox\" target=\"_self\"><div style=\"background-image:url(https:\/\/adimir.org\/wp-content\/uploads\/2026_EsplaiParcLlacuna_3.webp);padding-top:calc((100% + 10px) * 0.8 - 5px);background-position:46% 67%;\" class=\"fusion-masonry-element-container\"><img decoding=\"async\" src=\"https:\/\/adimir.org\/wp-content\/uploads\/2026_EsplaiParcLlacuna_3.webp\" width=\"720\" height=\"960\" alt=\"esplai al parc de la llacuna\" title=\"2026_EsplaiParcLlacuna_3\" aria-label=\"2026_EsplaiParcLlacuna_3\" class=\"img-responsive wp-image-39804\" srcset=\"https:\/\/adimir.org\/wp-content\/uploads\/2026_EsplaiParcLlacuna_3-200x267.webp 200w, https:\/\/adimir.org\/wp-content\/uploads\/2026_EsplaiParcLlacuna_3-400x533.webp 400w, https:\/\/adimir.org\/wp-content\/uploads\/2026_EsplaiParcLlacuna_3-600x800.webp 600w, https:\/\/adimir.org\/wp-content\/uploads\/2026_EsplaiParcLlacuna_3.webp 720w\" sizes=\"(min-width: 2200px) 100vw, (min-width: 856px) 359px, (min-width: 784px) 478px, (min-width: 712px) 784px, (min-width: 640px) 712px, \" \/><\/div><\/a><\/div><\/div><div style=\"padding:5px;\" class=\"fusion-grid-column fusion-gallery-column fusion-gallery-column-4 hover-type-none fusion-element-grid\"><div class=\"fusion-gallery-image\"><a href=\"https:\/\/adimir.org\/wp-content\/uploads\/2026_EsplaiParcLlacuna_4.webp\" rel=\"noreferrer\" data-rel=\"iLightbox[adimirBicis]\" class=\"fusion-lightbox\" target=\"_self\"><div style=\"background-image:url(https:\/\/adimir.org\/wp-content\/uploads\/2026_EsplaiParcLlacuna_4.webp);padding-top:calc((100% + 10px) * 0.8 - 5px);background-position:51% 62%;\" class=\"fusion-masonry-element-container\"><img decoding=\"async\" src=\"https:\/\/adimir.org\/wp-content\/uploads\/2026_EsplaiParcLlacuna_4.webp\" width=\"720\" height=\"960\" alt=\"esplai al parc de la llacuna\" title=\"2026_EsplaiParcLlacuna_4\" aria-label=\"2026_EsplaiParcLlacuna_4\" class=\"img-responsive wp-image-39806\" srcset=\"https:\/\/adimir.org\/wp-content\/uploads\/2026_EsplaiParcLlacuna_4-200x267.webp 200w, https:\/\/adimir.org\/wp-content\/uploads\/2026_EsplaiParcLlacuna_4-400x533.webp 400w, https:\/\/adimir.org\/wp-content\/uploads\/2026_EsplaiParcLlacuna_4-600x800.webp 600w, https:\/\/adimir.org\/wp-content\/uploads\/2026_EsplaiParcLlacuna_4.webp 720w\" sizes=\"(min-width: 2200px) 100vw, (min-width: 856px) 359px, (min-width: 784px) 478px, (min-width: 712px) 784px, (min-width: 640px) 712px, \" \/><\/div><\/a><\/div><\/div><\/div><\/div><\/div><\/div><div class=\"fusion-layout-column fusion_builder_column fusion-builder-column-6 fusion_builder_column_1_1 1_1 fusion-flex-column\" style=\"--awb-bg-size:cover;--awb-width-large:100%;--awb-margin-top-large:0px;--awb-spacing-right-large:1.92%;--awb-margin-bottom-large:20px;--awb-spacing-left-large:1.92%;--awb-width-medium:100%;--awb-order-medium:0;--awb-spacing-right-medium:1.92%;--awb-spacing-left-medium:1.92%;--awb-width-small:100%;--awb-order-small:0;--awb-spacing-right-small:1.92%;--awb-spacing-left-small:1.92%;\"><div class=\"fusion-column-wrapper fusion-column-has-shadow fusion-flex-justify-content-flex-start fusion-content-layout-column\"><div class=\"fusion-text fusion-text-3 fusion-text-no-margin\" style=\"--awb-content-alignment:justify;--awb-font-size:var(--awb-typography4-font-size);--awb-line-height:var(--awb-typography4-line-height);--awb-letter-spacing:var(--awb-typography4-letter-spacing);--awb-text-transform:var(--awb-typography4-text-transform);--awb-text-color:var(--awb-color5);--awb-margin-bottom:10px;--awb-text-font-family:var(--awb-typography4-font-family);--awb-text-font-weight:var(--awb-typography4-font-weight);--awb-text-font-style:var(--awb-typography4-font-style);\"><p>Posteriorment, despr\u00e9s d\u2019esmorzar, es van organitzar <strong>al pati de l\u2019IE Mas Rampinyo<\/strong>, diferents espais dinamitzats per les monitores i monitors, amb <strong>jocs de punteria, proves cooperatives i manualitats<\/strong> per crear pilotes relaxants, activitats que van permetre treballar habilitats motrius, la creativitat i el treball en equip.<\/p>\n<p>L\u2019associaci\u00f3 <strong>ALFREDO tamb\u00e9 va aportar 5 voluntaris<\/strong> que han col\u00b7laborat en el desenvolupament de la jornada. El resultat final de l\u2019activitat va ser molt satisfactori, destacant la gran participaci\u00f3 dels infants i joves i el bon ambient viscut durant tota la jornada. Sens dubte, va ser una experi\u00e8ncia molt positiva per a tots i totes.<\/p>\n<\/div><div class=\"awb-gallery-wrapper awb-gallery-wrapper-2 button-span-no\" style=\"--more-btn-alignment:center;\"><div style=\"margin:-5px;--awb-bordersize:0px;\" class=\"fusion-gallery fusion-gallery-container fusion-grid-3 fusion-columns-total-3 fusion-gallery-layout-masonry fusion-gallery-2\"><div class=\"fusion-grid-column fusion-gallery-column fusion-gallery-column-3 hover-type-none fusion-element-grid fusion-grid-sizer\"><\/div><div style=\"padding:5px;\" class=\"fusion-grid-column fusion-gallery-column fusion-gallery-column-3 hover-type-none fusion-element-grid\"><div class=\"fusion-gallery-image\"><a href=\"https:\/\/adimir.org\/wp-content\/uploads\/2026_EsplaiParcLlacuna_5.webp\" rel=\"noreferrer\" data-rel=\"iLightbox[adimirBicis]\" class=\"fusion-lightbox\" target=\"_self\"><div style=\"background-image:url(https:\/\/adimir.org\/wp-content\/uploads\/2026_EsplaiParcLlacuna_5.webp);padding-top:calc((100% + 10px) * 0.8 - 5px);background-position:;\" class=\"fusion-masonry-element-container\"><img decoding=\"async\" src=\"https:\/\/adimir.org\/wp-content\/uploads\/2026_EsplaiParcLlacuna_5.webp\" width=\"720\" height=\"955\" alt=\"deporte al parc de la llacuna\" title=\"2026_EsplaiParcLlacuna_5\" aria-label=\"2026_EsplaiParcLlacuna_5\" class=\"img-responsive wp-image-39808\" srcset=\"https:\/\/adimir.org\/wp-content\/uploads\/2026_EsplaiParcLlacuna_5-200x265.webp 200w, https:\/\/adimir.org\/wp-content\/uploads\/2026_EsplaiParcLlacuna_5-400x531.webp 400w, https:\/\/adimir.org\/wp-content\/uploads\/2026_EsplaiParcLlacuna_5-600x796.webp 600w, https:\/\/adimir.org\/wp-content\/uploads\/2026_EsplaiParcLlacuna_5.webp 720w\" sizes=\"(min-width: 2200px) 100vw, (min-width: 784px) 480px, (min-width: 712px) 784px, (min-width: 640px) 712px, \" \/><\/div><\/a><\/div><\/div><div style=\"padding:5px;\" class=\"fusion-grid-column fusion-gallery-column fusion-gallery-column-3 hover-type-none fusion-element-grid\"><div class=\"fusion-gallery-image\"><a href=\"https:\/\/adimir.org\/wp-content\/uploads\/2026_EsplaiParcLlacuna_6.webp\" rel=\"noreferrer\" data-rel=\"iLightbox[adimirBicis]\" class=\"fusion-lightbox\" target=\"_self\"><div style=\"background-image:url(https:\/\/adimir.org\/wp-content\/uploads\/2026_EsplaiParcLlacuna_6.webp);padding-top:calc((100% + 10px) * 0.8 - 5px);background-position:48% 26%;\" class=\"fusion-masonry-element-container\"><img decoding=\"async\" src=\"https:\/\/adimir.org\/wp-content\/uploads\/2026_EsplaiParcLlacuna_6.webp\" width=\"720\" height=\"960\" alt=\"deporte al parc de la llacuna\" title=\"2026_EsplaiParcLlacuna_6\" aria-label=\"2026_EsplaiParcLlacuna_6\" class=\"img-responsive wp-image-39810\" srcset=\"https:\/\/adimir.org\/wp-content\/uploads\/2026_EsplaiParcLlacuna_6-200x267.webp 200w, https:\/\/adimir.org\/wp-content\/uploads\/2026_EsplaiParcLlacuna_6-400x533.webp 400w, https:\/\/adimir.org\/wp-content\/uploads\/2026_EsplaiParcLlacuna_6-600x800.webp 600w, https:\/\/adimir.org\/wp-content\/uploads\/2026_EsplaiParcLlacuna_6.webp 720w\" sizes=\"(min-width: 2200px) 100vw, (min-width: 784px) 480px, (min-width: 712px) 784px, (min-width: 640px) 712px, \" \/><\/div><\/a><\/div><\/div><div style=\"padding:5px;\" class=\"fusion-grid-column fusion-gallery-column fusion-gallery-column-3 hover-type-none fusion-element-grid\"><div class=\"fusion-gallery-image\"><a href=\"https:\/\/adimir.org\/wp-content\/uploads\/2026_EsplaiParcLlacuna_7.webp\" rel=\"noreferrer\" data-rel=\"iLightbox[adimirBicis]\" class=\"fusion-lightbox\" target=\"_self\"><div style=\"background-image:url(https:\/\/adimir.org\/wp-content\/uploads\/2026_EsplaiParcLlacuna_7.webp);padding-top:calc((100% + 10px) * 0.8 - 5px);background-position:;\" class=\"fusion-masonry-element-container\"><img decoding=\"async\" src=\"https:\/\/adimir.org\/wp-content\/uploads\/2026_EsplaiParcLlacuna_7.webp\" width=\"720\" height=\"955\" alt=\"deporte al parc de la llacuna\" title=\"2026_EsplaiParcLlacuna_7\" aria-label=\"2026_EsplaiParcLlacuna_7\" class=\"img-responsive wp-image-39812\" srcset=\"https:\/\/adimir.org\/wp-content\/uploads\/2026_EsplaiParcLlacuna_7-200x265.webp 200w, https:\/\/adimir.org\/wp-content\/uploads\/2026_EsplaiParcLlacuna_7-400x531.webp 400w, https:\/\/adimir.org\/wp-content\/uploads\/2026_EsplaiParcLlacuna_7-600x796.webp 600w, https:\/\/adimir.org\/wp-content\/uploads\/2026_EsplaiParcLlacuna_7.webp 720w\" sizes=\"(min-width: 2200px) 100vw, (min-width: 784px) 480px, (min-width: 712px) 784px, (min-width: 640px) 712px, \" \/><\/div><\/a><\/div><\/div><\/div><\/div><\/div><\/div><\/div><\/div><div class=\"fusion-fullwidth fullwidth-box fusion-builder-row-3 fusion-flex-container has-pattern-background has-mask-background nonhundred-percent-fullwidth non-hundred-percent-height-scrolling\" style=\"--awb-border-radius-top-left:0px;--awb-border-radius-top-right:0px;--awb-border-radius-bottom-right:0px;--awb-border-radius-bottom-left:0px;--awb-margin-top:30px;--awb-flex-wrap:wrap;\" ><div class=\"fusion-builder-row fusion-row fusion-flex-align-items-stretch fusion-flex-content-wrap\" style=\"max-width:calc( 1450px + 10px );margin-left: calc(-10px \/ 2 );margin-right: calc(-10px \/ 2 );\"><div class=\"fusion-layout-column fusion_builder_column fusion-builder-column-7 fusion_builder_column_1_6 1_6 fusion-flex-column\" style=\"--awb-bg-size:cover;--awb-width-large:16.666666666667%;--awb-margin-top-large:0px;--awb-spacing-right-large:5px;--awb-margin-bottom-large:20px;--awb-spacing-left-large:5px;--awb-width-medium:16.666666666667%;--awb-order-medium:0;--awb-spacing-right-medium:5px;--awb-spacing-left-medium:5px;--awb-width-small:100%;--awb-order-small:0;--awb-spacing-right-small:5px;--awb-spacing-left-small:5px;\"><div class=\"fusion-column-wrapper fusion-column-has-shadow fusion-flex-justify-content-flex-start fusion-content-layout-column\"><\/div><\/div><div class=\"fusion-layout-column fusion_builder_column fusion-builder-column-8 fusion_builder_column_2_3 2_3 fusion-flex-column\" style=\"--awb-padding-top:20px;--awb-padding-bottom:10px;--awb-overflow:hidden;--awb-bg-size:cover;--awb-border-color:var(--awb-color5);--awb-border-top:2px;--awb-border-right:2px;--awb-border-bottom:2px;--awb-border-left:2px;--awb-border-style:solid;--awb-border-radius:10px 10px 10px 10px;--awb-width-large:66.666666666667%;--awb-margin-top-large:0px;--awb-spacing-right-large:5px;--awb-margin-bottom-large:20px;--awb-spacing-left-large:5px;--awb-width-medium:66.666666666667%;--awb-order-medium:0;--awb-spacing-right-medium:5px;--awb-spacing-left-medium:5px;--awb-width-small:100%;--awb-order-small:0;--awb-spacing-right-small:5px;--awb-spacing-left-small:5px;\" data-scroll-devices=\"small-visibility,medium-visibility,large-visibility\"><div class=\"fusion-column-wrapper fusion-column-has-shadow fusion-flex-justify-content-flex-start fusion-content-layout-column\"><div class=\"fusion-text fusion-text-4\" style=\"--awb-content-alignment:center;\"><p>Gr\u00e0cies a totes les persones que han fet possible aquesta jornada.<\/p>\n<\/div><\/div><\/div><div class=\"fusion-layout-column fusion_builder_column fusion-builder-column-9 fusion_builder_column_1_6 1_6 fusion-flex-column\" style=\"--awb-bg-size:cover;--awb-width-large:16.666666666667%;--awb-margin-top-large:0px;--awb-spacing-right-large:5px;--awb-margin-bottom-large:20px;--awb-spacing-left-large:5px;--awb-width-medium:16.666666666667%;--awb-order-medium:0;--awb-spacing-right-medium:5px;--awb-spacing-left-medium:5px;--awb-width-small:100%;--awb-order-small:0;--awb-spacing-right-small:5px;--awb-spacing-left-small:5px;\"><div class=\"fusion-column-wrapper fusion-column-has-shadow fusion-flex-justify-content-flex-start fusion-content-layout-column\"><\/div><\/div><\/div><\/div><\/p>\n","protected":false},"excerpt":{"rendered":"","protected":false},"author":1,"featured_media":39814,"comment_status":"closed","ping_status":"closed","sticky":false,"template":"","format":"standard","meta":{"footnotes":""},"categories":[103],"tags":[],"class_list":["post-39854","post","type-post","status-publish","format-standard","has-post-thumbnail","hentry","category-noticies"],"yoast_head":"<!-- This site is optimized with the Yoast SEO plugin v27.5 - https:\/\/yoast.com\/product\/yoast-seo-wordpress\/ -->\n<title>Sortida del Esplai al Parc de la Llacuna - Adimir<\/title>\n<meta name=\"description\" content=\"Sortida del Esplai infantil i jove de ADIMIR al Parc de la Llancuna per a gaudir d&#039;un dia en ple de diversi\u00f3 a l&#039;aire lliure.\" \/>\n<meta name=\"robots\" content=\"index, follow, max-snippet:-1, max-image-preview:large, max-video-preview:-1\" \/>\n<link rel=\"canonical\" href=\"https:\/\/adimir.org\/ca\/sortida-esplai-parc-de-la-llacuna\/\" \/>\n<meta property=\"og:locale\" content=\"ca_ES\" \/>\n<meta property=\"og:type\" content=\"article\" \/>\n<meta property=\"og:title\" content=\"Sortida del Esplai al Parc de la Llacuna - Adimir\" \/>\n<meta property=\"og:description\" content=\"Sortida del Esplai infantil i jove de ADIMIR al Parc de la Llancuna per a gaudir d&#039;un dia en ple de diversi\u00f3 a l&#039;aire lliure.\" \/>\n<meta property=\"og:url\" content=\"https:\/\/adimir.org\/ca\/sortida-esplai-parc-de-la-llacuna\/\" \/>\n<meta property=\"og:site_name\" content=\"Adimir Atenci\u00f3n integral a personas con diversidad funcional\" \/>\n<meta property=\"article:published_time\" content=\"2026-03-09T11:42:01+00:00\" \/>\n<meta property=\"article:modified_time\" content=\"2026-03-09T12:46:04+00:00\" \/>\n<meta property=\"og:image\" content=\"https:\/\/adimir.org\/wp-content\/uploads\/esplaiADIMIR.webp\" \/>\n\t<meta property=\"og:image:width\" content=\"1350\" \/>\n\t<meta property=\"og:image:height\" content=\"850\" \/>\n\t<meta property=\"og:image:type\" content=\"image\/webp\" \/>\n<meta name=\"author\" content=\"Adimir\" \/>\n<meta name=\"twitter:card\" content=\"summary_large_image\" \/>\n<meta name=\"twitter:label1\" content=\"Escrit per\" \/>\n\t<meta name=\"twitter:data1\" content=\"Adimir\" \/>\n\t<meta name=\"twitter:label2\" content=\"Temps estimat de lectura\" \/>\n\t<meta name=\"twitter:data2\" content=\"3 minuts\" \/>\n<script type=\"application\/ld+json\" class=\"yoast-schema-graph\">{\"@context\":\"https:\\\/\\\/schema.org\",\"@graph\":[{\"@type\":\"Article\",\"@id\":\"https:\\\/\\\/adimir.org\\\/ca\\\/sortida-esplai-parc-de-la-llacuna\\\/#article\",\"isPartOf\":{\"@id\":\"https:\\\/\\\/adimir.org\\\/ca\\\/sortida-esplai-parc-de-la-llacuna\\\/\"},\"author\":{\"name\":\"Adimir\",\"@id\":\"https:\\\/\\\/adimir.org\\\/ca\\\/#\\\/schema\\\/person\\\/f65eede23c01b73d8aed0c19a47babf0\"},\"headline\":\"Sortida de l&#8217;Esplai al Parc de la Llacuna\",\"datePublished\":\"2026-03-09T11:42:01+00:00\",\"dateModified\":\"2026-03-09T12:46:04+00:00\",\"mainEntityOfPage\":{\"@id\":\"https:\\\/\\\/adimir.org\\\/ca\\\/sortida-esplai-parc-de-la-llacuna\\\/\"},\"wordCount\":5650,\"publisher\":{\"@id\":\"https:\\\/\\\/adimir.org\\\/ca\\\/#organization\"},\"image\":{\"@id\":\"https:\\\/\\\/adimir.org\\\/ca\\\/sortida-esplai-parc-de-la-llacuna\\\/#primaryimage\"},\"thumbnailUrl\":\"https:\\\/\\\/adimir.org\\\/wp-content\\\/uploads\\\/esplaiADIMIR.webp\",\"articleSection\":[\"Not\u00edcies\"],\"inLanguage\":\"ca\"},{\"@type\":\"WebPage\",\"@id\":\"https:\\\/\\\/adimir.org\\\/ca\\\/sortida-esplai-parc-de-la-llacuna\\\/\",\"url\":\"https:\\\/\\\/adimir.org\\\/ca\\\/sortida-esplai-parc-de-la-llacuna\\\/\",\"name\":\"Sortida del Esplai al Parc de la Llacuna - Adimir\",\"isPartOf\":{\"@id\":\"https:\\\/\\\/adimir.org\\\/ca\\\/#website\"},\"primaryImageOfPage\":{\"@id\":\"https:\\\/\\\/adimir.org\\\/ca\\\/sortida-esplai-parc-de-la-llacuna\\\/#primaryimage\"},\"image\":{\"@id\":\"https:\\\/\\\/adimir.org\\\/ca\\\/sortida-esplai-parc-de-la-llacuna\\\/#primaryimage\"},\"thumbnailUrl\":\"https:\\\/\\\/adimir.org\\\/wp-content\\\/uploads\\\/esplaiADIMIR.webp\",\"datePublished\":\"2026-03-09T11:42:01+00:00\",\"dateModified\":\"2026-03-09T12:46:04+00:00\",\"description\":\"Sortida del Esplai infantil i jove de ADIMIR al Parc de la Llancuna per a gaudir d'un dia en ple de diversi\u00f3 a l'aire lliure.\",\"breadcrumb\":{\"@id\":\"https:\\\/\\\/adimir.org\\\/ca\\\/sortida-esplai-parc-de-la-llacuna\\\/#breadcrumb\"},\"inLanguage\":\"ca\",\"potentialAction\":[{\"@type\":\"ReadAction\",\"target\":[\"https:\\\/\\\/adimir.org\\\/ca\\\/sortida-esplai-parc-de-la-llacuna\\\/\"]}]},{\"@type\":\"ImageObject\",\"inLanguage\":\"ca\",\"@id\":\"https:\\\/\\\/adimir.org\\\/ca\\\/sortida-esplai-parc-de-la-llacuna\\\/#primaryimage\",\"url\":\"https:\\\/\\\/adimir.org\\\/wp-content\\\/uploads\\\/esplaiADIMIR.webp\",\"contentUrl\":\"https:\\\/\\\/adimir.org\\\/wp-content\\\/uploads\\\/esplaiADIMIR.webp\",\"width\":1350,\"height\":850,\"caption\":\"Sortida del Esplai al Parc de la Llacuna - Fundaci\u00f3 Adimir\"},{\"@type\":\"BreadcrumbList\",\"@id\":\"https:\\\/\\\/adimir.org\\\/ca\\\/sortida-esplai-parc-de-la-llacuna\\\/#breadcrumb\",\"itemListElement\":[{\"@type\":\"ListItem\",\"position\":1,\"name\":\"Inicio\",\"item\":\"https:\\\/\\\/adimir.org\\\/ca\\\/\"},{\"@type\":\"ListItem\",\"position\":2,\"name\":\"Sortida de l&#8217;Esplai al Parc de la Llacuna\"}]},{\"@type\":\"WebSite\",\"@id\":\"https:\\\/\\\/adimir.org\\\/ca\\\/#website\",\"url\":\"https:\\\/\\\/adimir.org\\\/ca\\\/\",\"name\":\"Adimir Atenci\u00f3n integral a personas con diversidad funcional\",\"description\":\"\",\"publisher\":{\"@id\":\"https:\\\/\\\/adimir.org\\\/ca\\\/#organization\"},\"potentialAction\":[{\"@type\":\"SearchAction\",\"target\":{\"@type\":\"EntryPoint\",\"urlTemplate\":\"https:\\\/\\\/adimir.org\\\/ca\\\/?s={search_term_string}\"},\"query-input\":{\"@type\":\"PropertyValueSpecification\",\"valueRequired\":true,\"valueName\":\"search_term_string\"}}],\"inLanguage\":\"ca\"},{\"@type\":\"Organization\",\"@id\":\"https:\\\/\\\/adimir.org\\\/ca\\\/#organization\",\"name\":\"Adimir Atenci\u00f3n integral a personas con diversidad funcional\",\"url\":\"https:\\\/\\\/adimir.org\\\/ca\\\/\",\"logo\":{\"@type\":\"ImageObject\",\"inLanguage\":\"ca\",\"@id\":\"https:\\\/\\\/adimir.org\\\/ca\\\/#\\\/schema\\\/logo\\\/image\\\/\",\"url\":\"https:\\\/\\\/adimir.pruebasweb.com.es\\\/wp-content\\\/uploads\\\/2024\\\/08\\\/Adimir-500.png\",\"contentUrl\":\"https:\\\/\\\/adimir.pruebasweb.com.es\\\/wp-content\\\/uploads\\\/2024\\\/08\\\/Adimir-500.png\",\"width\":500,\"height\":273,\"caption\":\"Adimir Atenci\u00f3n integral a personas con diversidad funcional\"},\"image\":{\"@id\":\"https:\\\/\\\/adimir.org\\\/ca\\\/#\\\/schema\\\/logo\\\/image\\\/\"}},{\"@type\":\"Person\",\"@id\":\"https:\\\/\\\/adimir.org\\\/ca\\\/#\\\/schema\\\/person\\\/f65eede23c01b73d8aed0c19a47babf0\",\"name\":\"Adimir\",\"sameAs\":[\"https:\\\/\\\/adimir.org\"],\"url\":\"https:\\\/\\\/Adimir.org\\\/ca\\\/author\\\/Adimir\\\/\"}]}<\/script>\n<!-- \/ Yoast SEO plugin. -->","yoast_head_json":{"title":"Sortida del Esplai al Parc de la Llacuna - Adimir","description":"Sortida del Esplai infantil i jove de ADIMIR al Parc de la Llancuna per a gaudir d'un dia en ple de diversi\u00f3 a l'aire lliure.","robots":{"index":"index","follow":"follow","max-snippet":"max-snippet:-1","max-image-preview":"max-image-preview:large","max-video-preview":"max-video-preview:-1"},"canonical":"https:\/\/adimir.org\/ca\/sortida-esplai-parc-de-la-llacuna\/","og_locale":"ca_ES","og_type":"article","og_title":"Sortida del Esplai al Parc de la Llacuna - Adimir","og_description":"Sortida del Esplai infantil i jove de ADIMIR al Parc de la Llancuna per a gaudir d'un dia en ple de diversi\u00f3 a l'aire lliure.","og_url":"https:\/\/adimir.org\/ca\/sortida-esplai-parc-de-la-llacuna\/","og_site_name":"Adimir Atenci\u00f3n integral a personas con diversidad funcional","article_published_time":"2026-03-09T11:42:01+00:00","article_modified_time":"2026-03-09T12:46:04+00:00","og_image":[{"width":1350,"height":850,"url":"https:\/\/adimir.org\/wp-content\/uploads\/esplaiADIMIR.webp","type":"image\/webp"}],"author":"Adimir","twitter_card":"summary_large_image","twitter_misc":{"Escrit per":"Adimir","Temps estimat de lectura":"3 minuts"},"schema":{"@context":"https:\/\/schema.org","@graph":[{"@type":"Article","@id":"https:\/\/adimir.org\/ca\/sortida-esplai-parc-de-la-llacuna\/#article","isPartOf":{"@id":"https:\/\/adimir.org\/ca\/sortida-esplai-parc-de-la-llacuna\/"},"author":{"name":"Adimir","@id":"https:\/\/adimir.org\/ca\/#\/schema\/person\/f65eede23c01b73d8aed0c19a47babf0"},"headline":"Sortida de l&#8217;Esplai al Parc de la Llacuna","datePublished":"2026-03-09T11:42:01+00:00","dateModified":"2026-03-09T12:46:04+00:00","mainEntityOfPage":{"@id":"https:\/\/adimir.org\/ca\/sortida-esplai-parc-de-la-llacuna\/"},"wordCount":5650,"publisher":{"@id":"https:\/\/adimir.org\/ca\/#organization"},"image":{"@id":"https:\/\/adimir.org\/ca\/sortida-esplai-parc-de-la-llacuna\/#primaryimage"},"thumbnailUrl":"https:\/\/adimir.org\/wp-content\/uploads\/esplaiADIMIR.webp","articleSection":["Not\u00edcies"],"inLanguage":"ca"},{"@type":"WebPage","@id":"https:\/\/adimir.org\/ca\/sortida-esplai-parc-de-la-llacuna\/","url":"https:\/\/adimir.org\/ca\/sortida-esplai-parc-de-la-llacuna\/","name":"Sortida del Esplai al Parc de la Llacuna - Adimir","isPartOf":{"@id":"https:\/\/adimir.org\/ca\/#website"},"primaryImageOfPage":{"@id":"https:\/\/adimir.org\/ca\/sortida-esplai-parc-de-la-llacuna\/#primaryimage"},"image":{"@id":"https:\/\/adimir.org\/ca\/sortida-esplai-parc-de-la-llacuna\/#primaryimage"},"thumbnailUrl":"https:\/\/adimir.org\/wp-content\/uploads\/esplaiADIMIR.webp","datePublished":"2026-03-09T11:42:01+00:00","dateModified":"2026-03-09T12:46:04+00:00","description":"Sortida del Esplai infantil i jove de ADIMIR al Parc de la Llancuna per a gaudir d'un dia en ple de diversi\u00f3 a l'aire lliure.","breadcrumb":{"@id":"https:\/\/adimir.org\/ca\/sortida-esplai-parc-de-la-llacuna\/#breadcrumb"},"inLanguage":"ca","potentialAction":[{"@type":"ReadAction","target":["https:\/\/adimir.org\/ca\/sortida-esplai-parc-de-la-llacuna\/"]}]},{"@type":"ImageObject","inLanguage":"ca","@id":"https:\/\/adimir.org\/ca\/sortida-esplai-parc-de-la-llacuna\/#primaryimage","url":"https:\/\/adimir.org\/wp-content\/uploads\/esplaiADIMIR.webp","contentUrl":"https:\/\/adimir.org\/wp-content\/uploads\/esplaiADIMIR.webp","width":1350,"height":850,"caption":"Sortida del Esplai al Parc de la Llacuna - Fundaci\u00f3 Adimir"},{"@type":"BreadcrumbList","@id":"https:\/\/adimir.org\/ca\/sortida-esplai-parc-de-la-llacuna\/#breadcrumb","itemListElement":[{"@type":"ListItem","position":1,"name":"Inicio","item":"https:\/\/adimir.org\/ca\/"},{"@type":"ListItem","position":2,"name":"Sortida de l&#8217;Esplai al Parc de la Llacuna"}]},{"@type":"WebSite","@id":"https:\/\/adimir.org\/ca\/#website","url":"https:\/\/adimir.org\/ca\/","name":"Adimir Atenci\u00f3n integral a personas con diversidad funcional","description":"","publisher":{"@id":"https:\/\/adimir.org\/ca\/#organization"},"potentialAction":[{"@type":"SearchAction","target":{"@type":"EntryPoint","urlTemplate":"https:\/\/adimir.org\/ca\/?s={search_term_string}"},"query-input":{"@type":"PropertyValueSpecification","valueRequired":true,"valueName":"search_term_string"}}],"inLanguage":"ca"},{"@type":"Organization","@id":"https:\/\/adimir.org\/ca\/#organization","name":"Adimir Atenci\u00f3n integral a personas con diversidad funcional","url":"https:\/\/adimir.org\/ca\/","logo":{"@type":"ImageObject","inLanguage":"ca","@id":"https:\/\/adimir.org\/ca\/#\/schema\/logo\/image\/","url":"https:\/\/adimir.pruebasweb.com.es\/wp-content\/uploads\/2024\/08\/Adimir-500.png","contentUrl":"https:\/\/adimir.pruebasweb.com.es\/wp-content\/uploads\/2024\/08\/Adimir-500.png","width":500,"height":273,"caption":"Adimir Atenci\u00f3n integral a personas con diversidad funcional"},"image":{"@id":"https:\/\/adimir.org\/ca\/#\/schema\/logo\/image\/"}},{"@type":"Person","@id":"https:\/\/adimir.org\/ca\/#\/schema\/person\/f65eede23c01b73d8aed0c19a47babf0","name":"Adimir","sameAs":["https:\/\/adimir.org"],"url":"https:\/\/Adimir.org\/ca\/author\/Adimir\/"}]}},"_links":{"self":[{"href":"https:\/\/adimir.org\/ca\/wp-json\/wp\/v2\/posts\/39854","targetHints":{"allow":["GET"]}}],"collection":[{"href":"https:\/\/adimir.org\/ca\/wp-json\/wp\/v2\/posts"}],"about":[{"href":"https:\/\/adimir.org\/ca\/wp-json\/wp\/v2\/types\/post"}],"author":[{"embeddable":true,"href":"https:\/\/adimir.org\/ca\/wp-json\/wp\/v2\/users\/1"}],"replies":[{"embeddable":true,"href":"https:\/\/adimir.org\/ca\/wp-json\/wp\/v2\/comments?post=39854"}],"version-history":[{"count":10,"href":"https:\/\/adimir.org\/ca\/wp-json\/wp\/v2\/posts\/39854\/revisions"}],"predecessor-version":[{"id":39872,"href":"https:\/\/adimir.org\/ca\/wp-json\/wp\/v2\/posts\/39854\/revisions\/39872"}],"wp:featuredmedia":[{"embeddable":true,"href":"https:\/\/adimir.org\/ca\/wp-json\/wp\/v2\/media\/39814"}],"wp:attachment":[{"href":"https:\/\/adimir.org\/ca\/wp-json\/wp\/v2\/media?parent=39854"}],"wp:term":[{"taxonomy":"category","embeddable":true,"href":"https:\/\/adimir.org\/ca\/wp-json\/wp\/v2\/categories?post=39854"},{"taxonomy":"post_tag","embeddable":true,"href":"https:\/\/adimir.org\/ca\/wp-json\/wp\/v2\/tags?post=39854"}],"curies":[{"name":"wp","href":"https:\/\/api.w.org\/{rel}","templated":true}]}}