{"id":40627,"date":"2026-04-24T12:15:18","date_gmt":"2026-04-24T10:15:18","guid":{"rendered":"https:\/\/adimir.org\/voluntariado-adimir-cursa-de-la-discapacidad\/"},"modified":"2026-04-24T12:19:25","modified_gmt":"2026-04-24T10:19:25","slug":"voluntariat-adimir-cursa-de-la-discapacitat","status":"publish","type":"post","link":"https:\/\/adimir.org\/ca\/voluntariat-adimir-cursa-de-la-discapacitat\/","title":{"rendered":"El voluntariat d\u2019Adimir participa a la Cursa de la Discapacitat de Montcada i Reixac"},"content":{"rendered":"<p><div class=\"fusion-fullwidth fullwidth-box fusion-builder-row-1 fusion-flex-container has-pattern-background has-mask-background nonhundred-percent-fullwidth non-hundred-percent-height-scrolling\" style=\"--link_color: var(--awb-color5);--awb-border-radius-top-left:0px;--awb-border-radius-top-right:0px;--awb-border-radius-bottom-right:0px;--awb-border-radius-bottom-left:0px;--awb-margin-bottom:30px;--awb-flex-wrap:wrap;\" ><div class=\"fusion-builder-row fusion-row fusion-flex-align-items-flex-start fusion-flex-content-wrap\" style=\"max-width:1508px;margin-left: calc(-4% \/ 2 );margin-right: calc(-4% \/ 2 );\"><div class=\"fusion-layout-column fusion_builder_column fusion-builder-column-0 fusion_builder_column_1_3 1_3 fusion-flex-column\" style=\"--awb-overflow:hidden;--awb-bg-color-hover:var(--awb-color3);--awb-bg-size:cover;--awb-border-color:var(--awb-color5);--awb-border-top:1px;--awb-border-right:1px;--awb-border-bottom:1px;--awb-border-left:1px;--awb-border-style:solid;--awb-border-radius:5px 5px 5px 5px;--awb-width-large:33.333333333333%;--awb-margin-top-large:0px;--awb-spacing-right-large:5.76%;--awb-margin-bottom-large:0px;--awb-spacing-left-large:5.76%;--awb-width-medium:33.333333333333%;--awb-order-medium:0;--awb-spacing-right-medium:5.76%;--awb-spacing-left-medium:5.76%;--awb-width-small:50%;--awb-order-small:0;--awb-spacing-right-small:3.84%;--awb-spacing-left-small:3.84%;\" data-scroll-devices=\"small-visibility,medium-visibility,large-visibility\"><div class=\"fusion-column-wrapper fusion-column-has-shadow fusion-flex-justify-content-flex-start fusion-content-layout-column\"><div class=\"fusion-builder-row fusion-builder-row-inner fusion-row fusion-flex-align-items-flex-start fusion-flex-content-wrap\" style=\"--awb-flex-grow:0;--awb-flex-grow-medium:0;--awb-flex-grow-small:0;--awb-flex-shrink:0;--awb-flex-shrink-medium:0;--awb-flex-shrink-small:0;width:104% !important;max-width:104% !important;margin-left: calc(-4% \/ 2 );margin-right: calc(-4% \/ 2 );\"><div class=\"fusion-layout-column fusion_builder_column_inner fusion-builder-nested-column-0 fusion_builder_column_inner_1_3 1_3 fusion-flex-column fusion-column-inner-bg-wrapper\" style=\"--awb-inner-bg-size:cover;--awb-width-large:33.333333333333%;--awb-margin-top-large:0px;--awb-spacing-right-large:5.76%;--awb-margin-bottom-large:0px;--awb-spacing-left-large:5.76%;--awb-width-medium:33.333333333333%;--awb-order-medium:0;--awb-spacing-right-medium:5.76%;--awb-spacing-left-medium:5.76%;--awb-width-small:33.333333333333%;--awb-order-small:0;--awb-spacing-right-small:5.76%;--awb-spacing-left-small:5.76%;\" data-scroll-devices=\"small-visibility,medium-visibility,large-visibility\"><span class=\"fusion-column-inner-bg hover-type-none\"><a class=\"fusion-column-anchor\" href=\"https:\/\/adimir.org\/ca\/el-voluntariat-dadimir-participa-en-la-cursa-de-la-discapacitat\/\"><span class=\"fusion-column-inner-bg-image\"><\/span><\/a><\/span><div class=\"fusion-column-wrapper fusion-column-has-shadow fusion-flex-justify-content-flex-start fusion-content-layout-column\"><div class=\"fusion-image-element \" style=\"--awb-margin-bottom:0px;--awb-max-width:70px;--awb-caption-title-font-family:var(--h2_typography-font-family);--awb-caption-title-font-weight:var(--h2_typography-font-weight);--awb-caption-title-font-style:var(--h2_typography-font-style);--awb-caption-title-size:var(--h2_typography-font-size);--awb-caption-title-transform:var(--h2_typography-text-transform);--awb-caption-title-line-height:var(--h2_typography-line-height);--awb-caption-title-letter-spacing:var(--h2_typography-letter-spacing);\"><span class=\" fusion-imageframe imageframe-none imageframe-1 hover-type-none\"><a class=\"fusion-no-lightbox\" href=\"\/reafirmamos-el-compromiso-con-el-proyecto-la-frontissa-lf\/\" target=\"_self\" aria-label=\"LecturaFacil-Calidad\"><img decoding=\"async\" width=\"817\" height=\"810\" alt=\"Lectura f\u00e1cil Adimir\" src=\"https:\/\/adimir.org\/wp-content\/uploads\/LecturaFacil-Calidad.webp\" class=\"img-responsive wp-image-37383\" srcset=\"https:\/\/adimir.org\/wp-content\/uploads\/LecturaFacil-Calidad-200x198.webp 200w, https:\/\/adimir.org\/wp-content\/uploads\/LecturaFacil-Calidad-400x397.webp 400w, https:\/\/adimir.org\/wp-content\/uploads\/LecturaFacil-Calidad-600x595.webp 600w, https:\/\/adimir.org\/wp-content\/uploads\/LecturaFacil-Calidad-800x793.webp 800w, https:\/\/adimir.org\/wp-content\/uploads\/LecturaFacil-Calidad.webp 817w\" sizes=\"(max-width: 640px) 100vw, 600px\" \/><\/a><\/span><\/div><\/div><\/div><div class=\"fusion-layout-column fusion_builder_column_inner fusion-builder-nested-column-1 fusion_builder_column_inner_2_3 2_3 fusion-flex-column fusion-flex-align-self-center fusion-column-inner-bg-wrapper\" style=\"--awb-inner-bg-size:cover;--awb-width-large:66.666666666667%;--awb-margin-top-large:0px;--awb-spacing-right-large:2.88%;--awb-margin-bottom-large:0px;--awb-spacing-left-large:2.88%;--awb-width-medium:66.666666666667%;--awb-order-medium:0;--awb-spacing-right-medium:2.88%;--awb-spacing-left-medium:2.88%;--awb-width-small:50%;--awb-order-small:0;--awb-spacing-right-small:3.84%;--awb-spacing-left-small:3.84%;\" data-scroll-devices=\"small-visibility,medium-visibility,large-visibility\"><span class=\"fusion-column-inner-bg hover-type-none\"><a class=\"fusion-column-anchor\" href=\"https:\/\/adimir.org\/ca\/el-voluntariat-dadimir-participa-en-la-cursa-de-la-discapacitat\/\"><span class=\"fusion-column-inner-bg-image\"><\/span><\/a><\/span><div class=\"fusion-column-wrapper fusion-column-has-shadow fusion-flex-justify-content-flex-start fusion-content-layout-column\"><div class=\"fusion-text fusion-text-1 fusion-text-no-margin\" style=\"--awb-margin-top:0px;--awb-margin-right:0px;--awb-margin-bottom:0px;--awb-margin-left:0px;\"><p><a href=\"https:\/\/adimir.org\/ca\/el-voluntariat-dadimir-participa-en-la-cursa-de-la-discapacitat\/\">Lectura f\u00e0cil<\/a><\/p>\n<\/div><\/div><\/div><\/div><\/div><\/div><div class=\"fusion-layout-column fusion_builder_column fusion-builder-column-1 fusion_builder_column_1_3 1_3 fusion-flex-column fusion-no-small-visibility fusion-no-medium-visibility\" style=\"--awb-bg-size:cover;--awb-width-large:33.333333333333%;--awb-margin-top-large:0px;--awb-spacing-right-large:5.76%;--awb-margin-bottom-large:20px;--awb-spacing-left-large:5.76%;--awb-width-medium:33.333333333333%;--awb-order-medium:0;--awb-spacing-right-medium:5.76%;--awb-spacing-left-medium:5.76%;--awb-width-small:100%;--awb-order-small:0;--awb-spacing-right-small:1.92%;--awb-spacing-left-small:1.92%;\"><div class=\"fusion-column-wrapper fusion-column-has-shadow fusion-flex-justify-content-flex-start fusion-content-layout-column\"><\/div><\/div><div class=\"fusion-layout-column fusion_builder_column fusion-builder-column-2 fusion_builder_column_1_3 1_3 fusion-flex-column fusion-no-small-visibility fusion-no-medium-visibility\" style=\"--awb-bg-size:cover;--awb-width-large:33.333333333333%;--awb-margin-top-large:0px;--awb-spacing-right-large:5.76%;--awb-margin-bottom-large:20px;--awb-spacing-left-large:5.76%;--awb-width-medium:33.333333333333%;--awb-order-medium:0;--awb-spacing-right-medium:5.76%;--awb-spacing-left-medium:5.76%;--awb-width-small:100%;--awb-order-small:0;--awb-spacing-right-small:1.92%;--awb-spacing-left-small:1.92%;\"><div class=\"fusion-column-wrapper fusion-column-has-shadow fusion-flex-justify-content-flex-start fusion-content-layout-column\"><\/div><\/div><\/div><\/div><div class=\"fusion-fullwidth fullwidth-box fusion-builder-row-2 fusion-flex-container has-pattern-background has-mask-background nonhundred-percent-fullwidth non-hundred-percent-height-scrolling\" style=\"--awb-border-radius-top-left:0px;--awb-border-radius-top-right:0px;--awb-border-radius-bottom-right:0px;--awb-border-radius-bottom-left:0px;--awb-flex-wrap:wrap;\" ><div class=\"fusion-builder-row fusion-row fusion-flex-align-items-flex-start fusion-flex-content-wrap\" style=\"max-width:1508px;margin-left: calc(-4% \/ 2 );margin-right: calc(-4% \/ 2 );\"><div class=\"fusion-layout-column fusion_builder_column fusion-builder-column-3 fusion_builder_column_1_1 1_1 fusion-flex-column\" style=\"--awb-bg-size:cover;--awb-width-large:100%;--awb-margin-top-large:20px;--awb-spacing-right-large:1.92%;--awb-margin-bottom-large:20px;--awb-spacing-left-large:1.92%;--awb-width-medium:100%;--awb-order-medium:0;--awb-spacing-right-medium:1.92%;--awb-spacing-left-medium:1.92%;--awb-width-small:100%;--awb-order-small:0;--awb-spacing-right-small:1.92%;--awb-spacing-left-small:1.92%;\" data-scroll-devices=\"small-visibility,medium-visibility,large-visibility\"><div class=\"fusion-column-wrapper fusion-column-has-shadow fusion-flex-justify-content-flex-start fusion-content-layout-column\"><div class=\"fusion-image-element \" style=\"text-align:center;--awb-caption-title-font-family:var(--h2_typography-font-family);--awb-caption-title-font-weight:var(--h2_typography-font-weight);--awb-caption-title-font-style:var(--h2_typography-font-style);--awb-caption-title-size:var(--h2_typography-font-size);--awb-caption-title-transform:var(--h2_typography-text-transform);--awb-caption-title-line-height:var(--h2_typography-line-height);--awb-caption-title-letter-spacing:var(--h2_typography-letter-spacing);\"><span class=\" fusion-imageframe imageframe-none imageframe-2 hover-type-none\"><img decoding=\"async\" width=\"1350\" height=\"850\" alt=\"Voluntariado en la carrera de la discapacidad - ADIMIR\" title=\"Adimir-voluntariado_Destacada\" src=\"https:\/\/adimir.org\/wp-content\/uploads\/Adimir-voluntariado_Destacada.webp\" class=\"img-responsive wp-image-40594\" srcset=\"https:\/\/adimir.org\/wp-content\/uploads\/Adimir-voluntariado_Destacada-200x126.webp 200w, https:\/\/adimir.org\/wp-content\/uploads\/Adimir-voluntariado_Destacada-400x252.webp 400w, https:\/\/adimir.org\/wp-content\/uploads\/Adimir-voluntariado_Destacada-600x378.webp 600w, https:\/\/adimir.org\/wp-content\/uploads\/Adimir-voluntariado_Destacada-800x504.webp 800w, https:\/\/adimir.org\/wp-content\/uploads\/Adimir-voluntariado_Destacada-1200x756.webp 1200w, https:\/\/adimir.org\/wp-content\/uploads\/Adimir-voluntariado_Destacada.webp 1350w\" sizes=\"(max-width: 640px) 100vw, 1350px\" \/><\/span><\/div><\/div><\/div><div class=\"fusion-layout-column fusion_builder_column fusion-builder-column-4 fusion_builder_column_1_1 1_1 fusion-flex-column fusion-flex-align-self-center\" style=\"--awb-bg-size:cover;--awb-width-large:100%;--awb-margin-top-large:0px;--awb-spacing-right-large:1.92%;--awb-margin-bottom-large:40px;--awb-spacing-left-large:1.92%;--awb-width-medium:100%;--awb-order-medium:0;--awb-spacing-right-medium:1.92%;--awb-spacing-left-medium:1.92%;--awb-width-small:100%;--awb-order-small:0;--awb-spacing-right-small:1.92%;--awb-spacing-left-small:1.92%;\" data-scroll-devices=\"small-visibility,medium-visibility,large-visibility\"><div class=\"fusion-column-wrapper fusion-column-has-shadow fusion-flex-justify-content-flex-start fusion-content-layout-column\"><div class=\"fusion-text fusion-text-2 fusion-text-no-margin\" style=\"--awb-content-alignment:left;--awb-font-size:var(--awb-typography4-font-size);--awb-line-height:var(--awb-typography4-line-height);--awb-letter-spacing:var(--awb-typography4-letter-spacing);--awb-text-transform:var(--awb-typography4-text-transform);--awb-text-color:var(--awb-color5);--awb-margin-bottom:10px;--awb-text-font-family:var(--awb-typography4-font-family);--awb-text-font-weight:var(--awb-typography4-font-weight);--awb-text-font-style:var(--awb-typography4-font-style);\"><p>La Cursa de la Discapacitat de Montcada i Reixac \u00e9s una <strong>iniciativa emmarcada dins les jornades per la discapacitat del municipi<\/strong>, que t\u00e9 com a objectiu promoure la sensibilitzaci\u00f3, la inclusi\u00f3 i la participaci\u00f3 activa de les persones amb diversitat funcional a la comunitat.<\/p>\n<p>Des d\u2019Adimir formem part de la Taula per la Diversitat Funcional de Montcada i Reixac i, concretament, de la Comissi\u00f3 de les jornades per la discapacitat, un espai de treball conjunt amb altres entitats i agents del territori per <strong>impulsar accions inclusives i posar en valor els drets de les persones amb discapacitat<\/strong>.<\/p>\n<p>En aquest context, <strong>hem participat en la cursa donant suport a l\u2019organitzaci\u00f3<\/strong> i contribuint al bon desenvolupament de la jornada, acompanyant les persones participants.<\/p>\n<p>La Cursa de la Discapacitat es consolida com un esdeveniment de refer\u00e8ncia al municipi, generant un espai de trobada, visibilitzaci\u00f3 i reivindicaci\u00f3, on l\u2019esport esdev\u00e9 una eina per avan\u00e7ar cap a una societat m\u00e9s inclusiva.<\/p>\n<p>Des d\u2019Adimir continuem apostant pel treball en xarxa i la participaci\u00f3 comunit\u00e0ria com a eixos clau per promoure la inclusi\u00f3 social.<\/p>\n<\/div><\/div><\/div><div class=\"fusion-layout-column fusion_builder_column fusion-builder-column-5 fusion_builder_column_1_1 1_1 fusion-flex-column\" style=\"--awb-bg-size:cover;--awb-width-large:100%;--awb-margin-top-large:0px;--awb-spacing-right-large:1.92%;--awb-margin-bottom-large:20px;--awb-spacing-left-large:1.92%;--awb-width-medium:100%;--awb-order-medium:0;--awb-spacing-right-medium:1.92%;--awb-spacing-left-medium:1.92%;--awb-width-small:100%;--awb-order-small:0;--awb-spacing-right-small:1.92%;--awb-spacing-left-small:1.92%;\"><div class=\"fusion-column-wrapper fusion-column-has-shadow fusion-flex-justify-content-flex-start fusion-content-layout-column\"><div class=\"awb-gallery-wrapper awb-gallery-wrapper-1 button-span-no\" style=\"--more-btn-alignment:center;\"><div style=\"margin:-5px;--awb-bordersize:0px;\" class=\"fusion-gallery fusion-gallery-container fusion-grid-2 fusion-columns-total-3 fusion-gallery-layout-masonry fusion-gallery-1\"><div class=\"fusion-grid-column fusion-gallery-column fusion-gallery-column-2 hover-type-none fusion-grid-sizer\"><\/div><div style=\"padding:5px;\" class=\"fusion-grid-column fusion-gallery-column fusion-gallery-column-2 hover-type-none fusion-element-grid\"><div class=\"fusion-gallery-image\"><a href=\"https:\/\/adimir.org\/wp-content\/uploads\/Adimir-voluntariado_1.webp\" rel=\"noreferrer\" data-rel=\"iLightbox[gallery_image_1]\" class=\"fusion-lightbox\" target=\"_self\"><div style=\"background-image:url(https:\/\/adimir.org\/wp-content\/uploads\/Adimir-voluntariado_1.webp);padding-top:calc((100% + 10px) * 0.8 - 5px);background-position:;\" class=\"fusion-masonry-element-container\"><img decoding=\"async\" src=\"https:\/\/adimir.org\/wp-content\/uploads\/Adimir-voluntariado_1.webp\" width=\"1280\" height=\"960\" alt=\"Voluntariado en la carrera de la discapacidad - ADIMIR\" title=\"Adimir-voluntariado_1\" aria-label=\"Adimir-voluntariado_1\" class=\"img-responsive wp-image-40596\" srcset=\"https:\/\/adimir.org\/wp-content\/uploads\/Adimir-voluntariado_1-200x150.webp 200w, https:\/\/adimir.org\/wp-content\/uploads\/Adimir-voluntariado_1-400x300.webp 400w, https:\/\/adimir.org\/wp-content\/uploads\/Adimir-voluntariado_1-600x450.webp 600w, https:\/\/adimir.org\/wp-content\/uploads\/Adimir-voluntariado_1-800x600.webp 800w, https:\/\/adimir.org\/wp-content\/uploads\/Adimir-voluntariado_1-1200x900.webp 1200w, https:\/\/adimir.org\/wp-content\/uploads\/Adimir-voluntariado_1.webp 1280w\" sizes=\"(min-width: 2200px) 100vw, (min-width: 712px) 784px, (min-width: 640px) 712px, \" \/><\/div><\/a><\/div><\/div><div style=\"padding:5px;\" class=\"fusion-grid-column fusion-gallery-column fusion-gallery-column-2 hover-type-none fusion-element-portrait\"><div class=\"fusion-gallery-image\"><a href=\"https:\/\/adimir.org\/wp-content\/uploads\/Adimir-voluntariado_2.webp\" rel=\"noreferrer\" data-rel=\"iLightbox[gallery_image_1]\" class=\"fusion-lightbox\" target=\"_self\"><div style=\"background-image:url(https:\/\/adimir.org\/wp-content\/uploads\/Adimir-voluntariado_2.webp);padding-top:calc((100% + 10px) * 1.6);background-position:;\" class=\"fusion-masonry-element-container\"><img decoding=\"async\" src=\"https:\/\/adimir.org\/wp-content\/uploads\/Adimir-voluntariado_2.webp\" width=\"730\" height=\"1280\" alt=\"Voluntariado en la carrera de la discapacidad - ADIMIR\" title=\"Adimir-voluntariado_2\" aria-label=\"Adimir-voluntariado_2\" class=\"img-responsive wp-image-40598\" srcset=\"https:\/\/adimir.org\/wp-content\/uploads\/Adimir-voluntariado_2-200x351.webp 200w, https:\/\/adimir.org\/wp-content\/uploads\/Adimir-voluntariado_2-400x701.webp 400w, https:\/\/adimir.org\/wp-content\/uploads\/Adimir-voluntariado_2-600x1052.webp 600w, https:\/\/adimir.org\/wp-content\/uploads\/Adimir-voluntariado_2.webp 730w\" sizes=\"(min-width: 2200px) 100vw, (min-width: 712px) 784px, (min-width: 640px) 712px, \" \/><\/div><\/a><\/div><\/div><div style=\"padding:5px;\" class=\"fusion-grid-column fusion-gallery-column fusion-gallery-column-2 hover-type-none fusion-element-grid\"><div class=\"fusion-gallery-image\"><a href=\"https:\/\/adimir.org\/wp-content\/uploads\/Adimir-voluntariado_3.webp\" rel=\"noreferrer\" data-rel=\"iLightbox[gallery_image_1]\" class=\"fusion-lightbox\" target=\"_self\"><div style=\"background-image:url(https:\/\/adimir.org\/wp-content\/uploads\/Adimir-voluntariado_3.webp);padding-top:calc((100% + 10px) * 0.8 - 5px);background-position:;\" class=\"fusion-masonry-element-container\"><img decoding=\"async\" src=\"https:\/\/adimir.org\/wp-content\/uploads\/Adimir-voluntariado_3.webp\" width=\"1536\" height=\"2048\" alt=\"Voluntariado en la carrera de la discapacidad - ADIMIR\" title=\"Adimir-voluntariado_3\" aria-label=\"Adimir-voluntariado_3\" class=\"img-responsive wp-image-40600\" srcset=\"https:\/\/adimir.org\/wp-content\/uploads\/Adimir-voluntariado_3-200x267.webp 200w, https:\/\/adimir.org\/wp-content\/uploads\/Adimir-voluntariado_3-400x533.webp 400w, https:\/\/adimir.org\/wp-content\/uploads\/Adimir-voluntariado_3-600x800.webp 600w, https:\/\/adimir.org\/wp-content\/uploads\/Adimir-voluntariado_3-800x1067.webp 800w, https:\/\/adimir.org\/wp-content\/uploads\/Adimir-voluntariado_3-1200x1600.webp 1200w, https:\/\/adimir.org\/wp-content\/uploads\/Adimir-voluntariado_3.webp 1536w\" sizes=\"(min-width: 2200px) 100vw, (min-width: 712px) 784px, (min-width: 640px) 712px, \" \/><\/div><\/a><\/div><\/div><\/div><\/div><\/div><\/div><\/div><\/div><\/p>\n","protected":false},"excerpt":{"rendered":"","protected":false},"author":1,"featured_media":40594,"comment_status":"closed","ping_status":"closed","sticky":false,"template":"","format":"standard","meta":{"footnotes":""},"categories":[103],"tags":[],"class_list":["post-40627","post","type-post","status-publish","format-standard","has-post-thumbnail","hentry","category-noticies"],"yoast_head":"<!-- This site is optimized with the Yoast SEO plugin v27.4 - https:\/\/yoast.com\/product\/yoast-seo-wordpress\/ -->\n<title>Voluntariat en la carrera de la discapacitat - ADIMIR<\/title>\n<meta name=\"description\" content=\"L&#039;equip de ADIMIR participa com a voluntaris en la carrera de la discapacitat a Montcada i Reixac per a visibilitzar una necessitat.\" \/>\n<meta name=\"robots\" content=\"index, follow, max-snippet:-1, max-image-preview:large, max-video-preview:-1\" \/>\n<link rel=\"canonical\" href=\"https:\/\/adimir.org\/ca\/voluntariat-adimir-cursa-de-la-discapacitat\/\" \/>\n<meta property=\"og:locale\" content=\"ca_ES\" \/>\n<meta property=\"og:type\" content=\"article\" \/>\n<meta property=\"og:title\" content=\"Voluntariat en la carrera de la discapacitat - ADIMIR\" \/>\n<meta property=\"og:description\" content=\"L&#039;equip de ADIMIR participa com a voluntaris en la carrera de la discapacitat a Montcada i Reixac per a visibilitzar una necessitat.\" \/>\n<meta property=\"og:url\" content=\"https:\/\/adimir.org\/ca\/voluntariat-adimir-cursa-de-la-discapacitat\/\" \/>\n<meta property=\"og:site_name\" content=\"Adimir Atenci\u00f3n integral a personas con diversidad funcional\" \/>\n<meta property=\"article:published_time\" content=\"2026-04-24T10:15:18+00:00\" \/>\n<meta property=\"article:modified_time\" content=\"2026-04-24T10:19:25+00:00\" \/>\n<meta property=\"og:image\" content=\"https:\/\/adimir.org\/wp-content\/uploads\/Adimir-voluntariado_Destacada.webp\" \/>\n\t<meta property=\"og:image:width\" content=\"1350\" \/>\n\t<meta property=\"og:image:height\" content=\"850\" \/>\n\t<meta property=\"og:image:type\" content=\"image\/webp\" \/>\n<meta name=\"author\" content=\"Adimir\" \/>\n<meta name=\"twitter:card\" content=\"summary_large_image\" \/>\n<meta name=\"twitter:label1\" content=\"Escrit per\" \/>\n\t<meta name=\"twitter:data1\" content=\"Adimir\" \/>\n\t<meta name=\"twitter:label2\" content=\"Temps estimat de lectura\" \/>\n\t<meta name=\"twitter:data2\" content=\"2 minuts\" \/>\n<script type=\"application\/ld+json\" class=\"yoast-schema-graph\">{\"@context\":\"https:\\\/\\\/schema.org\",\"@graph\":[{\"@type\":\"Article\",\"@id\":\"https:\\\/\\\/adimir.org\\\/ca\\\/voluntariat-adimir-cursa-de-la-discapacitat\\\/#article\",\"isPartOf\":{\"@id\":\"https:\\\/\\\/adimir.org\\\/ca\\\/voluntariat-adimir-cursa-de-la-discapacitat\\\/\"},\"author\":{\"name\":\"Adimir\",\"@id\":\"https:\\\/\\\/adimir.org\\\/ca\\\/#\\\/schema\\\/person\\\/f65eede23c01b73d8aed0c19a47babf0\"},\"headline\":\"El voluntariat d\u2019Adimir participa a la Cursa de la Discapacitat de Montcada i Reixac\",\"datePublished\":\"2026-04-24T10:15:18+00:00\",\"dateModified\":\"2026-04-24T10:19:25+00:00\",\"mainEntityOfPage\":{\"@id\":\"https:\\\/\\\/adimir.org\\\/ca\\\/voluntariat-adimir-cursa-de-la-discapacitat\\\/\"},\"wordCount\":5789,\"publisher\":{\"@id\":\"https:\\\/\\\/adimir.org\\\/ca\\\/#organization\"},\"image\":{\"@id\":\"https:\\\/\\\/adimir.org\\\/ca\\\/voluntariat-adimir-cursa-de-la-discapacitat\\\/#primaryimage\"},\"thumbnailUrl\":\"https:\\\/\\\/adimir.org\\\/wp-content\\\/uploads\\\/Adimir-voluntariado_Destacada.webp\",\"articleSection\":[\"Not\u00edcies\"],\"inLanguage\":\"ca\"},{\"@type\":\"WebPage\",\"@id\":\"https:\\\/\\\/adimir.org\\\/ca\\\/voluntariat-adimir-cursa-de-la-discapacitat\\\/\",\"url\":\"https:\\\/\\\/adimir.org\\\/ca\\\/voluntariat-adimir-cursa-de-la-discapacitat\\\/\",\"name\":\"Voluntariat en la carrera de la discapacitat - ADIMIR\",\"isPartOf\":{\"@id\":\"https:\\\/\\\/adimir.org\\\/ca\\\/#website\"},\"primaryImageOfPage\":{\"@id\":\"https:\\\/\\\/adimir.org\\\/ca\\\/voluntariat-adimir-cursa-de-la-discapacitat\\\/#primaryimage\"},\"image\":{\"@id\":\"https:\\\/\\\/adimir.org\\\/ca\\\/voluntariat-adimir-cursa-de-la-discapacitat\\\/#primaryimage\"},\"thumbnailUrl\":\"https:\\\/\\\/adimir.org\\\/wp-content\\\/uploads\\\/Adimir-voluntariado_Destacada.webp\",\"datePublished\":\"2026-04-24T10:15:18+00:00\",\"dateModified\":\"2026-04-24T10:19:25+00:00\",\"description\":\"L'equip de ADIMIR participa com a voluntaris en la carrera de la discapacitat a Montcada i Reixac per a visibilitzar una necessitat.\",\"breadcrumb\":{\"@id\":\"https:\\\/\\\/adimir.org\\\/ca\\\/voluntariat-adimir-cursa-de-la-discapacitat\\\/#breadcrumb\"},\"inLanguage\":\"ca\",\"potentialAction\":[{\"@type\":\"ReadAction\",\"target\":[\"https:\\\/\\\/adimir.org\\\/ca\\\/voluntariat-adimir-cursa-de-la-discapacitat\\\/\"]}]},{\"@type\":\"ImageObject\",\"inLanguage\":\"ca\",\"@id\":\"https:\\\/\\\/adimir.org\\\/ca\\\/voluntariat-adimir-cursa-de-la-discapacitat\\\/#primaryimage\",\"url\":\"https:\\\/\\\/adimir.org\\\/wp-content\\\/uploads\\\/Adimir-voluntariado_Destacada.webp\",\"contentUrl\":\"https:\\\/\\\/adimir.org\\\/wp-content\\\/uploads\\\/Adimir-voluntariado_Destacada.webp\",\"width\":1350,\"height\":850,\"caption\":\"Voluntariado en la carrera de la discapacidad - ADIMIR\"},{\"@type\":\"BreadcrumbList\",\"@id\":\"https:\\\/\\\/adimir.org\\\/ca\\\/voluntariat-adimir-cursa-de-la-discapacitat\\\/#breadcrumb\",\"itemListElement\":[{\"@type\":\"ListItem\",\"position\":1,\"name\":\"Inicio\",\"item\":\"https:\\\/\\\/adimir.org\\\/ca\\\/\"},{\"@type\":\"ListItem\",\"position\":2,\"name\":\"El voluntariat d\u2019Adimir participa a la Cursa de la Discapacitat de Montcada i Reixac\"}]},{\"@type\":\"WebSite\",\"@id\":\"https:\\\/\\\/adimir.org\\\/ca\\\/#website\",\"url\":\"https:\\\/\\\/adimir.org\\\/ca\\\/\",\"name\":\"Adimir Atenci\u00f3n integral a personas con diversidad funcional\",\"description\":\"\",\"publisher\":{\"@id\":\"https:\\\/\\\/adimir.org\\\/ca\\\/#organization\"},\"potentialAction\":[{\"@type\":\"SearchAction\",\"target\":{\"@type\":\"EntryPoint\",\"urlTemplate\":\"https:\\\/\\\/adimir.org\\\/ca\\\/?s={search_term_string}\"},\"query-input\":{\"@type\":\"PropertyValueSpecification\",\"valueRequired\":true,\"valueName\":\"search_term_string\"}}],\"inLanguage\":\"ca\"},{\"@type\":\"Organization\",\"@id\":\"https:\\\/\\\/adimir.org\\\/ca\\\/#organization\",\"name\":\"Adimir Atenci\u00f3n integral a personas con diversidad funcional\",\"url\":\"https:\\\/\\\/adimir.org\\\/ca\\\/\",\"logo\":{\"@type\":\"ImageObject\",\"inLanguage\":\"ca\",\"@id\":\"https:\\\/\\\/adimir.org\\\/ca\\\/#\\\/schema\\\/logo\\\/image\\\/\",\"url\":\"https:\\\/\\\/adimir.pruebasweb.com.es\\\/wp-content\\\/uploads\\\/2024\\\/08\\\/Adimir-500.png\",\"contentUrl\":\"https:\\\/\\\/adimir.pruebasweb.com.es\\\/wp-content\\\/uploads\\\/2024\\\/08\\\/Adimir-500.png\",\"width\":500,\"height\":273,\"caption\":\"Adimir Atenci\u00f3n integral a personas con diversidad funcional\"},\"image\":{\"@id\":\"https:\\\/\\\/adimir.org\\\/ca\\\/#\\\/schema\\\/logo\\\/image\\\/\"}},{\"@type\":\"Person\",\"@id\":\"https:\\\/\\\/adimir.org\\\/ca\\\/#\\\/schema\\\/person\\\/f65eede23c01b73d8aed0c19a47babf0\",\"name\":\"Adimir\",\"sameAs\":[\"https:\\\/\\\/adimir.org\"],\"url\":\"https:\\\/\\\/Adimir.org\\\/ca\\\/author\\\/Adimir\\\/\"}]}<\/script>\n<!-- \/ Yoast SEO plugin. -->","yoast_head_json":{"title":"Voluntariat en la carrera de la discapacitat - ADIMIR","description":"L'equip de ADIMIR participa com a voluntaris en la carrera de la discapacitat a Montcada i Reixac per a visibilitzar una necessitat.","robots":{"index":"index","follow":"follow","max-snippet":"max-snippet:-1","max-image-preview":"max-image-preview:large","max-video-preview":"max-video-preview:-1"},"canonical":"https:\/\/adimir.org\/ca\/voluntariat-adimir-cursa-de-la-discapacitat\/","og_locale":"ca_ES","og_type":"article","og_title":"Voluntariat en la carrera de la discapacitat - ADIMIR","og_description":"L'equip de ADIMIR participa com a voluntaris en la carrera de la discapacitat a Montcada i Reixac per a visibilitzar una necessitat.","og_url":"https:\/\/adimir.org\/ca\/voluntariat-adimir-cursa-de-la-discapacitat\/","og_site_name":"Adimir Atenci\u00f3n integral a personas con diversidad funcional","article_published_time":"2026-04-24T10:15:18+00:00","article_modified_time":"2026-04-24T10:19:25+00:00","og_image":[{"width":1350,"height":850,"url":"https:\/\/adimir.org\/wp-content\/uploads\/Adimir-voluntariado_Destacada.webp","type":"image\/webp"}],"author":"Adimir","twitter_card":"summary_large_image","twitter_misc":{"Escrit per":"Adimir","Temps estimat de lectura":"2 minuts"},"schema":{"@context":"https:\/\/schema.org","@graph":[{"@type":"Article","@id":"https:\/\/adimir.org\/ca\/voluntariat-adimir-cursa-de-la-discapacitat\/#article","isPartOf":{"@id":"https:\/\/adimir.org\/ca\/voluntariat-adimir-cursa-de-la-discapacitat\/"},"author":{"name":"Adimir","@id":"https:\/\/adimir.org\/ca\/#\/schema\/person\/f65eede23c01b73d8aed0c19a47babf0"},"headline":"El voluntariat d\u2019Adimir participa a la Cursa de la Discapacitat de Montcada i Reixac","datePublished":"2026-04-24T10:15:18+00:00","dateModified":"2026-04-24T10:19:25+00:00","mainEntityOfPage":{"@id":"https:\/\/adimir.org\/ca\/voluntariat-adimir-cursa-de-la-discapacitat\/"},"wordCount":5789,"publisher":{"@id":"https:\/\/adimir.org\/ca\/#organization"},"image":{"@id":"https:\/\/adimir.org\/ca\/voluntariat-adimir-cursa-de-la-discapacitat\/#primaryimage"},"thumbnailUrl":"https:\/\/adimir.org\/wp-content\/uploads\/Adimir-voluntariado_Destacada.webp","articleSection":["Not\u00edcies"],"inLanguage":"ca"},{"@type":"WebPage","@id":"https:\/\/adimir.org\/ca\/voluntariat-adimir-cursa-de-la-discapacitat\/","url":"https:\/\/adimir.org\/ca\/voluntariat-adimir-cursa-de-la-discapacitat\/","name":"Voluntariat en la carrera de la discapacitat - ADIMIR","isPartOf":{"@id":"https:\/\/adimir.org\/ca\/#website"},"primaryImageOfPage":{"@id":"https:\/\/adimir.org\/ca\/voluntariat-adimir-cursa-de-la-discapacitat\/#primaryimage"},"image":{"@id":"https:\/\/adimir.org\/ca\/voluntariat-adimir-cursa-de-la-discapacitat\/#primaryimage"},"thumbnailUrl":"https:\/\/adimir.org\/wp-content\/uploads\/Adimir-voluntariado_Destacada.webp","datePublished":"2026-04-24T10:15:18+00:00","dateModified":"2026-04-24T10:19:25+00:00","description":"L'equip de ADIMIR participa com a voluntaris en la carrera de la discapacitat a Montcada i Reixac per a visibilitzar una necessitat.","breadcrumb":{"@id":"https:\/\/adimir.org\/ca\/voluntariat-adimir-cursa-de-la-discapacitat\/#breadcrumb"},"inLanguage":"ca","potentialAction":[{"@type":"ReadAction","target":["https:\/\/adimir.org\/ca\/voluntariat-adimir-cursa-de-la-discapacitat\/"]}]},{"@type":"ImageObject","inLanguage":"ca","@id":"https:\/\/adimir.org\/ca\/voluntariat-adimir-cursa-de-la-discapacitat\/#primaryimage","url":"https:\/\/adimir.org\/wp-content\/uploads\/Adimir-voluntariado_Destacada.webp","contentUrl":"https:\/\/adimir.org\/wp-content\/uploads\/Adimir-voluntariado_Destacada.webp","width":1350,"height":850,"caption":"Voluntariado en la carrera de la discapacidad - ADIMIR"},{"@type":"BreadcrumbList","@id":"https:\/\/adimir.org\/ca\/voluntariat-adimir-cursa-de-la-discapacitat\/#breadcrumb","itemListElement":[{"@type":"ListItem","position":1,"name":"Inicio","item":"https:\/\/adimir.org\/ca\/"},{"@type":"ListItem","position":2,"name":"El voluntariat d\u2019Adimir participa a la Cursa de la Discapacitat de Montcada i Reixac"}]},{"@type":"WebSite","@id":"https:\/\/adimir.org\/ca\/#website","url":"https:\/\/adimir.org\/ca\/","name":"Adimir Atenci\u00f3n integral a personas con diversidad funcional","description":"","publisher":{"@id":"https:\/\/adimir.org\/ca\/#organization"},"potentialAction":[{"@type":"SearchAction","target":{"@type":"EntryPoint","urlTemplate":"https:\/\/adimir.org\/ca\/?s={search_term_string}"},"query-input":{"@type":"PropertyValueSpecification","valueRequired":true,"valueName":"search_term_string"}}],"inLanguage":"ca"},{"@type":"Organization","@id":"https:\/\/adimir.org\/ca\/#organization","name":"Adimir Atenci\u00f3n integral a personas con diversidad funcional","url":"https:\/\/adimir.org\/ca\/","logo":{"@type":"ImageObject","inLanguage":"ca","@id":"https:\/\/adimir.org\/ca\/#\/schema\/logo\/image\/","url":"https:\/\/adimir.pruebasweb.com.es\/wp-content\/uploads\/2024\/08\/Adimir-500.png","contentUrl":"https:\/\/adimir.pruebasweb.com.es\/wp-content\/uploads\/2024\/08\/Adimir-500.png","width":500,"height":273,"caption":"Adimir Atenci\u00f3n integral a personas con diversidad funcional"},"image":{"@id":"https:\/\/adimir.org\/ca\/#\/schema\/logo\/image\/"}},{"@type":"Person","@id":"https:\/\/adimir.org\/ca\/#\/schema\/person\/f65eede23c01b73d8aed0c19a47babf0","name":"Adimir","sameAs":["https:\/\/adimir.org"],"url":"https:\/\/Adimir.org\/ca\/author\/Adimir\/"}]}},"_links":{"self":[{"href":"https:\/\/adimir.org\/ca\/wp-json\/wp\/v2\/posts\/40627","targetHints":{"allow":["GET"]}}],"collection":[{"href":"https:\/\/adimir.org\/ca\/wp-json\/wp\/v2\/posts"}],"about":[{"href":"https:\/\/adimir.org\/ca\/wp-json\/wp\/v2\/types\/post"}],"author":[{"embeddable":true,"href":"https:\/\/adimir.org\/ca\/wp-json\/wp\/v2\/users\/1"}],"replies":[{"embeddable":true,"href":"https:\/\/adimir.org\/ca\/wp-json\/wp\/v2\/comments?post=40627"}],"version-history":[{"count":3,"href":"https:\/\/adimir.org\/ca\/wp-json\/wp\/v2\/posts\/40627\/revisions"}],"predecessor-version":[{"id":40630,"href":"https:\/\/adimir.org\/ca\/wp-json\/wp\/v2\/posts\/40627\/revisions\/40630"}],"wp:featuredmedia":[{"embeddable":true,"href":"https:\/\/adimir.org\/ca\/wp-json\/wp\/v2\/media\/40594"}],"wp:attachment":[{"href":"https:\/\/adimir.org\/ca\/wp-json\/wp\/v2\/media?parent=40627"}],"wp:term":[{"taxonomy":"category","embeddable":true,"href":"https:\/\/adimir.org\/ca\/wp-json\/wp\/v2\/categories?post=40627"},{"taxonomy":"post_tag","embeddable":true,"href":"https:\/\/adimir.org\/ca\/wp-json\/wp\/v2\/tags?post=40627"}],"curies":[{"name":"wp","href":"https:\/\/api.w.org\/{rel}","templated":true}]}}