{"id":40641,"date":"2026-04-24T12:38:32","date_gmt":"2026-04-24T10:38:32","guid":{"rendered":"https:\/\/adimir.org\/adimir-visita-unitat-aida-lectura-facil\/"},"modified":"2026-04-24T13:20:52","modified_gmt":"2026-04-24T11:20:52","slug":"adimir-visita-unitat-aida-lectura-facil","status":"publish","type":"post","link":"https:\/\/adimir.org\/ca\/adimir-visita-unitat-aida-lectura-facil\/","title":{"rendered":"ADIMIR visita la Unitat AIDA &#8211; Lectura F\u00e0cil"},"content":{"rendered":"<div class=\"fusion-fullwidth fullwidth-box fusion-builder-row-1 fusion-flex-container has-pattern-background has-mask-background nonhundred-percent-fullwidth non-hundred-percent-height-scrolling\" style=\"--awb-border-radius-top-left:0px;--awb-border-radius-top-right:0px;--awb-border-radius-bottom-right:0px;--awb-border-radius-bottom-left:0px;--awb-flex-wrap:wrap;\" ><div class=\"fusion-builder-row fusion-row fusion-flex-align-items-flex-start fusion-flex-content-wrap\" style=\"max-width:1508px;margin-left: calc(-4% \/ 2 );margin-right: calc(-4% \/ 2 );\"><div class=\"fusion-layout-column fusion_builder_column fusion-builder-column-0 fusion_builder_column_1_1 1_1 fusion-flex-column\" style=\"--awb-bg-size:cover;--awb-width-large:100%;--awb-margin-top-large:0px;--awb-spacing-right-large:1.92%;--awb-margin-bottom-large:20px;--awb-spacing-left-large:1.92%;--awb-width-medium:100%;--awb-order-medium:0;--awb-spacing-right-medium:1.92%;--awb-spacing-left-medium:1.92%;--awb-width-small:100%;--awb-order-small:0;--awb-spacing-right-small:1.92%;--awb-spacing-left-small:1.92%;\"><div class=\"fusion-column-wrapper fusion-column-has-shadow fusion-flex-justify-content-flex-start fusion-content-layout-column\"><div class=\"fusion-image-element \" style=\"text-align:center;--awb-aspect-ratio:2 \/ 1;--awb-object-position:48% 8%;--awb-caption-title-font-family:var(--h2_typography-font-family);--awb-caption-title-font-weight:var(--h2_typography-font-weight);--awb-caption-title-font-style:var(--h2_typography-font-style);--awb-caption-title-size:var(--h2_typography-font-size);--awb-caption-title-transform:var(--h2_typography-text-transform);--awb-caption-title-line-height:var(--h2_typography-line-height);--awb-caption-title-letter-spacing:var(--h2_typography-letter-spacing);\"><span class=\" fusion-imageframe imageframe-none imageframe-1 hover-type-none has-aspect-ratio\"><img decoding=\"async\" width=\"1350\" height=\"850\" alt=\"ADIMIR visita la unidad AIDA en Ripollet \" title=\"adimir-AIDA\" src=\"https:\/\/adimir.org\/wp-content\/uploads\/adimir-AIDA.webp\" class=\"img-responsive wp-image-40633 img-with-aspect-ratio\" data-parent-fit=\"cover\" data-parent-container=\".fusion-image-element\" srcset=\"https:\/\/adimir.org\/wp-content\/uploads\/adimir-AIDA-200x126.webp 200w, https:\/\/adimir.org\/wp-content\/uploads\/adimir-AIDA-400x252.webp 400w, https:\/\/adimir.org\/wp-content\/uploads\/adimir-AIDA-600x378.webp 600w, https:\/\/adimir.org\/wp-content\/uploads\/adimir-AIDA-800x504.webp 800w, https:\/\/adimir.org\/wp-content\/uploads\/adimir-AIDA-1200x756.webp 1200w, https:\/\/adimir.org\/wp-content\/uploads\/adimir-AIDA.webp 1350w\" sizes=\"(max-width: 640px) 100vw, 1350px\" \/><\/span><\/div><\/div><\/div><div class=\"fusion-layout-column fusion_builder_column fusion-builder-column-1 fusion_builder_column_1_2 1_2 fusion-flex-column\" style=\"--awb-bg-size:cover;--awb-width-large:50%;--awb-margin-top-large:0px;--awb-spacing-right-large:3.84%;--awb-margin-bottom-large:20px;--awb-spacing-left-large:3.84%;--awb-width-medium:50%;--awb-order-medium:0;--awb-spacing-right-medium:3.84%;--awb-spacing-left-medium:3.84%;--awb-width-small:100%;--awb-order-small:0;--awb-spacing-right-small:1.92%;--awb-spacing-left-small:1.92%;\"><div class=\"fusion-column-wrapper fusion-column-has-shadow fusion-flex-justify-content-flex-start fusion-content-layout-column\"><div class=\"fusion-title title fusion-title-1 fusion-sep-none fusion-title-text fusion-title-size-three\" style=\"--awb-margin-top-small:10px;--awb-margin-right-small:0px;--awb-margin-bottom-small:10px;--awb-margin-left-small:0px;--awb-font-size:30px;\"><h3 class=\"fusion-title-heading title-heading-left\" style=\"margin:0;font-size:1em;\">1. Qu\u00e8 ha fet Adimir?<\/h3><\/div><div class=\"fusion-text fusion-text-1 fusion-text-no-margin\" style=\"--awb-content-alignment:left;--awb-font-size:var(--awb-typography4-font-size);--awb-line-height:var(--awb-typography4-line-height);--awb-letter-spacing:var(--awb-typography4-letter-spacing);--awb-text-transform:var(--awb-typography4-text-transform);--awb-text-color:var(--awb-color5);--awb-margin-bottom:10px;--awb-text-font-family:var(--awb-typography4-font-family);--awb-text-font-weight:var(--awb-typography4-font-weight);--awb-text-font-style:var(--awb-typography4-font-style);\"><p><strong>Adimir<\/strong> ha visitat la <strong>Unitat AIDA<\/strong>.<br \/>\nLa Unitat AIDA \u00e9s un servei especialitzat<br \/>\nde la Fundaci\u00f3 Concepci\u00f3 Juvanteny.<br \/>\nAquest servei est\u00e0 a Ripollet.<\/p>\n<\/div><\/div><\/div><div class=\"fusion-layout-column fusion_builder_column fusion-builder-column-2 fusion_builder_column_1_2 1_2 fusion-flex-column fusion-flex-align-self-center\" style=\"--awb-padding-top:10px;--awb-padding-left:10px;--awb-overflow:hidden;--awb-bg-size:cover;--awb-border-color:var(--awb-color3);--awb-border-top:1px;--awb-border-right:1px;--awb-border-bottom:1px;--awb-border-left:1px;--awb-border-style:solid;--awb-border-radius:5px 5px 5px 5px;--awb-width-large:50%;--awb-margin-top-large:0px;--awb-spacing-right-large:3.84%;--awb-margin-bottom-large:20px;--awb-spacing-left-large:3.84%;--awb-width-medium:50%;--awb-order-medium:0;--awb-spacing-right-medium:3.84%;--awb-spacing-left-medium:3.84%;--awb-width-small:100%;--awb-order-small:0;--awb-spacing-right-small:1.92%;--awb-spacing-left-small:1.92%;\" data-scroll-devices=\"small-visibility,medium-visibility,large-visibility\"><div class=\"fusion-column-wrapper fusion-column-has-shadow fusion-flex-justify-content-flex-start fusion-content-layout-column\"><div class=\"fusion-text fusion-text-2\"><p><strong>Adimir<\/strong>: Entitat que ajuda a les persones amb discapacitat.<\/p>\n<\/div><\/div><\/div><div class=\"fusion-layout-column fusion_builder_column fusion-builder-column-3 fusion_builder_column_1_2 1_2 fusion-flex-column\" style=\"--awb-bg-size:cover;--awb-width-large:50%;--awb-margin-top-large:0px;--awb-spacing-right-large:3.84%;--awb-margin-bottom-large:20px;--awb-spacing-left-large:3.84%;--awb-width-medium:50%;--awb-order-medium:0;--awb-spacing-right-medium:3.84%;--awb-spacing-left-medium:3.84%;--awb-width-small:100%;--awb-order-small:0;--awb-spacing-right-small:1.92%;--awb-spacing-left-small:1.92%;\"><div class=\"fusion-column-wrapper fusion-column-has-shadow fusion-flex-justify-content-flex-start fusion-content-layout-column\"><div class=\"fusion-title title fusion-title-2 fusion-sep-none fusion-title-text fusion-title-size-three\" style=\"--awb-margin-top-small:10px;--awb-margin-right-small:0px;--awb-margin-bottom-small:10px;--awb-margin-left-small:0px;--awb-font-size:30px;\"><h3 class=\"fusion-title-heading title-heading-left\" style=\"margin:0;font-size:1em;\">2. \u00bfQu\u00e9 hace la Unidad AIDA?<\/h3><\/div><div class=\"fusion-text fusion-text-3 fusion-text-no-margin\" style=\"--awb-content-alignment:left;--awb-font-size:var(--awb-typography4-font-size);--awb-line-height:var(--awb-typography4-line-height);--awb-letter-spacing:var(--awb-typography4-letter-spacing);--awb-text-transform:var(--awb-typography4-text-transform);--awb-text-color:var(--awb-color5);--awb-margin-bottom:10px;--awb-text-font-family:var(--awb-typography4-font-family);--awb-text-font-weight:var(--awb-typography4-font-weight);--awb-text-font-style:var(--awb-typography4-font-style);\"><p>Qu\u00e8 fa la Unitat AIDA?<br \/>\nLa Unitat AIDA ajuda a reparar els danys<br \/>\nde les persones que han patit abusos.<br \/>\nTreballa amb:<\/p>\n<ul>\n<li>Nens i nenes<\/li>\n<li>Joves<\/li>\n<li>Persones adultes<\/li>\n<\/ul>\n<p>Tamb\u00e9 ajuda a la fam\u00edlia de la persona afectada.<br \/>\nLa Unitat AIDA ofereix suport jur\u00eddic<br \/>\n(ajuda amb els temes de just\u00edcia).<br \/>\nEvita que la persona torni a patir pel mateix ab\u00fas.<\/p>\n<\/div><\/div><\/div><div class=\"fusion-layout-column fusion_builder_column fusion-builder-column-4 fusion_builder_column_1_2 1_2 fusion-flex-column fusion-flex-align-self-flex-start\" style=\"--awb-padding-top:10px;--awb-padding-left:10px;--awb-overflow:hidden;--awb-bg-size:cover;--awb-border-color:var(--awb-color3);--awb-border-top:1px;--awb-border-right:1px;--awb-border-bottom:1px;--awb-border-left:1px;--awb-border-style:solid;--awb-border-radius:5px 5px 5px 5px;--awb-width-large:50%;--awb-margin-top-large:0px;--awb-spacing-right-large:3.84%;--awb-margin-bottom-large:20px;--awb-spacing-left-large:3.84%;--awb-width-medium:50%;--awb-order-medium:0;--awb-spacing-right-medium:3.84%;--awb-spacing-left-medium:3.84%;--awb-width-small:100%;--awb-order-small:0;--awb-spacing-right-small:1.92%;--awb-spacing-left-small:1.92%;\" data-scroll-devices=\"small-visibility,medium-visibility,large-visibility\"><div class=\"fusion-column-wrapper fusion-column-has-shadow fusion-flex-justify-content-flex-start fusion-content-layout-column\"><div class=\"fusion-text fusion-text-4\"><p><strong>Abusos<\/strong>: quan alg\u00fa fa mal a una persona (f\u00edsicament, sexualment o emocionalment) sense el seu consentiment.<\/p>\n<\/div><\/div><\/div><div class=\"fusion-layout-column fusion_builder_column fusion-builder-column-5 fusion_builder_column_1_1 1_1 fusion-flex-column\" style=\"--awb-bg-size:cover;--awb-width-large:100%;--awb-margin-top-large:0px;--awb-spacing-right-large:1.92%;--awb-margin-bottom-large:20px;--awb-spacing-left-large:1.92%;--awb-width-medium:100%;--awb-order-medium:0;--awb-spacing-right-medium:1.92%;--awb-spacing-left-medium:1.92%;--awb-width-small:100%;--awb-order-small:0;--awb-spacing-right-small:1.92%;--awb-spacing-left-small:1.92%;\"><div class=\"fusion-column-wrapper fusion-column-has-shadow fusion-flex-justify-content-flex-start fusion-content-layout-column\"><div class=\"fusion-title title fusion-title-3 fusion-sep-none fusion-title-text fusion-title-size-three\" style=\"--awb-margin-top-small:10px;--awb-margin-right-small:0px;--awb-margin-bottom-small:10px;--awb-margin-left-small:0px;--awb-font-size:30px;\"><h3 class=\"fusion-title-heading title-heading-left\" style=\"margin:0;font-size:1em;\">3. Per qu\u00e8 \u00e9s important aquesta visita?<\/h3><\/div><div class=\"fusion-text fusion-text-5 fusion-text-no-margin\" style=\"--awb-content-alignment:left;--awb-font-size:var(--awb-typography4-font-size);--awb-line-height:var(--awb-typography4-line-height);--awb-letter-spacing:var(--awb-typography4-letter-spacing);--awb-text-transform:var(--awb-typography4-text-transform);--awb-text-color:var(--awb-color5);--awb-margin-bottom:10px;--awb-text-font-family:var(--awb-typography4-font-family);--awb-text-font-weight:var(--awb-typography4-font-weight);--awb-text-font-style:var(--awb-typography4-font-style);\"><p>Les persones amb discapacitat tenen m\u00e9s risc<br \/>\nde patir abusos.<br \/>\nPer aix\u00f2 \u00e9s necessari prevenir i detectar els abusos aviat.<br \/>\nAdimir vol aprendre eines per:<\/p>\n<ul>\n<li>Prevenir els abusos.<\/li>\n<li>Detectar els abusos aviat.<\/li>\n<li>Acompanyar b\u00e9 les persones que han patit abusos.<\/li>\n<\/ul>\n<\/div><\/div><\/div><div class=\"fusion-layout-column fusion_builder_column fusion-builder-column-6 fusion_builder_column_1_1 1_1 fusion-flex-column\" style=\"--awb-bg-size:cover;--awb-width-large:100%;--awb-margin-top-large:0px;--awb-spacing-right-large:1.92%;--awb-margin-bottom-large:20px;--awb-spacing-left-large:1.92%;--awb-width-medium:100%;--awb-order-medium:0;--awb-spacing-right-medium:1.92%;--awb-spacing-left-medium:1.92%;--awb-width-small:100%;--awb-order-small:0;--awb-spacing-right-small:1.92%;--awb-spacing-left-small:1.92%;\"><div class=\"fusion-column-wrapper fusion-column-has-shadow fusion-flex-justify-content-flex-start fusion-content-layout-column\"><div class=\"fusion-title title fusion-title-4 fusion-sep-none fusion-title-text fusion-title-size-three\" style=\"--awb-margin-top-small:10px;--awb-margin-right-small:0px;--awb-margin-bottom-small:10px;--awb-margin-left-small:0px;--awb-font-size:30px;\"><h3 class=\"fusion-title-heading title-heading-left\" style=\"margin:0;font-size:1em;\">4. Qu\u00e8 vol aconseguir Adimir?<\/h3><\/div><div class=\"fusion-text fusion-text-6 fusion-text-no-margin\" style=\"--awb-content-alignment:left;--awb-font-size:var(--awb-typography4-font-size);--awb-line-height:var(--awb-typography4-line-height);--awb-letter-spacing:var(--awb-typography4-letter-spacing);--awb-text-transform:var(--awb-typography4-text-transform);--awb-text-color:var(--awb-color5);--awb-margin-bottom:10px;--awb-text-font-family:var(--awb-typography4-font-family);--awb-text-font-weight:var(--awb-typography4-font-weight);--awb-text-font-style:var(--awb-typography4-font-style);\"><p>Adimir vol crear espais segurs i respectuosos<br \/>\nper a totes les persones.<\/p>\n<p>Adimir vol treballar amb serveis especialitzats<br \/>\nper donar una millor atenci\u00f3.<\/p>\n<p>Aquesta col\u00b7laboraci\u00f3 \u00e9s un pas m\u00e9s per ajudar<br \/>\nles persones m\u00e9s vulnerables (les que tenen m\u00e9s risc).<\/p>\n<\/div><\/div><\/div><\/div><\/div>\n","protected":false},"excerpt":{"rendered":"","protected":false},"author":1,"featured_media":40633,"comment_status":"closed","ping_status":"closed","sticky":false,"template":"","format":"standard","meta":{"footnotes":""},"categories":[109],"tags":[],"class_list":["post-40641","post","type-post","status-publish","format-standard","has-post-thumbnail","hentry","category-noticies-lectura-facil"],"yoast_head":"<!-- This site is optimized with the Yoast SEO plugin v27.4 - https:\/\/yoast.com\/product\/yoast-seo-wordpress\/ -->\n<title>ADIMIR visita la unitat AIDA a Ripollet - Lectura f\u00e0cil<\/title>\n<meta name=\"description\" content=\"L&#039;equip de ADIMIR visita la unitat AIDA, un equip especialitzat en l&#039;atenci\u00f3 integral a persones amb discapacitat que sofreixen abusos.\" \/>\n<meta name=\"robots\" content=\"index, follow, max-snippet:-1, max-image-preview:large, max-video-preview:-1\" \/>\n<link rel=\"canonical\" href=\"https:\/\/adimir.org\/ca\/adimir-visita-unitat-aida-lectura-facil\/\" \/>\n<meta property=\"og:locale\" content=\"ca_ES\" \/>\n<meta property=\"og:type\" content=\"article\" \/>\n<meta property=\"og:title\" content=\"ADIMIR visita la unitat AIDA a Ripollet - Lectura f\u00e0cil\" \/>\n<meta property=\"og:description\" content=\"L&#039;equip de ADIMIR visita la unitat AIDA, un equip especialitzat en l&#039;atenci\u00f3 integral a persones amb discapacitat que sofreixen abusos.\" \/>\n<meta property=\"og:url\" content=\"https:\/\/adimir.org\/ca\/adimir-visita-unitat-aida-lectura-facil\/\" \/>\n<meta property=\"og:site_name\" content=\"Adimir Atenci\u00f3n integral a personas con diversidad funcional\" \/>\n<meta property=\"article:published_time\" content=\"2026-04-24T10:38:32+00:00\" \/>\n<meta property=\"article:modified_time\" content=\"2026-04-24T11:20:52+00:00\" \/>\n<meta property=\"og:image\" content=\"https:\/\/adimir.org\/wp-content\/uploads\/adimir-AIDA.webp\" \/>\n\t<meta property=\"og:image:width\" content=\"1350\" \/>\n\t<meta property=\"og:image:height\" content=\"850\" \/>\n\t<meta property=\"og:image:type\" content=\"image\/webp\" \/>\n<meta name=\"author\" content=\"Adimir\" \/>\n<meta name=\"twitter:card\" content=\"summary_large_image\" \/>\n<meta name=\"twitter:label1\" content=\"Escrit per\" \/>\n\t<meta name=\"twitter:data1\" content=\"Adimir\" \/>\n\t<meta name=\"twitter:label2\" content=\"Temps estimat de lectura\" \/>\n\t<meta name=\"twitter:data2\" content=\"2 minuts\" \/>\n<script type=\"application\/ld+json\" class=\"yoast-schema-graph\">{\"@context\":\"https:\\\/\\\/schema.org\",\"@graph\":[{\"@type\":\"Article\",\"@id\":\"https:\\\/\\\/adimir.org\\\/ca\\\/adimir-visita-unitat-aida-lectura-facil\\\/#article\",\"isPartOf\":{\"@id\":\"https:\\\/\\\/adimir.org\\\/ca\\\/adimir-visita-unitat-aida-lectura-facil\\\/\"},\"author\":{\"name\":\"Adimir\",\"@id\":\"https:\\\/\\\/adimir.org\\\/ca\\\/#\\\/schema\\\/person\\\/f65eede23c01b73d8aed0c19a47babf0\"},\"headline\":\"ADIMIR visita la Unitat AIDA &#8211; Lectura F\u00e0cil\",\"datePublished\":\"2026-04-24T10:38:32+00:00\",\"dateModified\":\"2026-04-24T11:20:52+00:00\",\"mainEntityOfPage\":{\"@id\":\"https:\\\/\\\/adimir.org\\\/ca\\\/adimir-visita-unitat-aida-lectura-facil\\\/\"},\"wordCount\":6071,\"publisher\":{\"@id\":\"https:\\\/\\\/adimir.org\\\/ca\\\/#organization\"},\"image\":{\"@id\":\"https:\\\/\\\/adimir.org\\\/ca\\\/adimir-visita-unitat-aida-lectura-facil\\\/#primaryimage\"},\"thumbnailUrl\":\"https:\\\/\\\/adimir.org\\\/wp-content\\\/uploads\\\/adimir-AIDA.webp\",\"articleSection\":[\"Not\u00edcies lectura f\u00e0cil\"],\"inLanguage\":\"ca\"},{\"@type\":\"WebPage\",\"@id\":\"https:\\\/\\\/adimir.org\\\/ca\\\/adimir-visita-unitat-aida-lectura-facil\\\/\",\"url\":\"https:\\\/\\\/adimir.org\\\/ca\\\/adimir-visita-unitat-aida-lectura-facil\\\/\",\"name\":\"ADIMIR visita la unitat AIDA a Ripollet - Lectura f\u00e0cil\",\"isPartOf\":{\"@id\":\"https:\\\/\\\/adimir.org\\\/ca\\\/#website\"},\"primaryImageOfPage\":{\"@id\":\"https:\\\/\\\/adimir.org\\\/ca\\\/adimir-visita-unitat-aida-lectura-facil\\\/#primaryimage\"},\"image\":{\"@id\":\"https:\\\/\\\/adimir.org\\\/ca\\\/adimir-visita-unitat-aida-lectura-facil\\\/#primaryimage\"},\"thumbnailUrl\":\"https:\\\/\\\/adimir.org\\\/wp-content\\\/uploads\\\/adimir-AIDA.webp\",\"datePublished\":\"2026-04-24T10:38:32+00:00\",\"dateModified\":\"2026-04-24T11:20:52+00:00\",\"description\":\"L'equip de ADIMIR visita la unitat AIDA, un equip especialitzat en l'atenci\u00f3 integral a persones amb discapacitat que sofreixen abusos.\",\"breadcrumb\":{\"@id\":\"https:\\\/\\\/adimir.org\\\/ca\\\/adimir-visita-unitat-aida-lectura-facil\\\/#breadcrumb\"},\"inLanguage\":\"ca\",\"potentialAction\":[{\"@type\":\"ReadAction\",\"target\":[\"https:\\\/\\\/adimir.org\\\/ca\\\/adimir-visita-unitat-aida-lectura-facil\\\/\"]}]},{\"@type\":\"ImageObject\",\"inLanguage\":\"ca\",\"@id\":\"https:\\\/\\\/adimir.org\\\/ca\\\/adimir-visita-unitat-aida-lectura-facil\\\/#primaryimage\",\"url\":\"https:\\\/\\\/adimir.org\\\/wp-content\\\/uploads\\\/adimir-AIDA.webp\",\"contentUrl\":\"https:\\\/\\\/adimir.org\\\/wp-content\\\/uploads\\\/adimir-AIDA.webp\",\"width\":1350,\"height\":850,\"caption\":\"ADIMIR visita la unidad AIDA en Ripollet\"},{\"@type\":\"BreadcrumbList\",\"@id\":\"https:\\\/\\\/adimir.org\\\/ca\\\/adimir-visita-unitat-aida-lectura-facil\\\/#breadcrumb\",\"itemListElement\":[{\"@type\":\"ListItem\",\"position\":1,\"name\":\"Inicio\",\"item\":\"https:\\\/\\\/adimir.org\\\/ca\\\/\"},{\"@type\":\"ListItem\",\"position\":2,\"name\":\"ADIMIR visita la Unitat AIDA &#8211; Lectura F\u00e0cil\"}]},{\"@type\":\"WebSite\",\"@id\":\"https:\\\/\\\/adimir.org\\\/ca\\\/#website\",\"url\":\"https:\\\/\\\/adimir.org\\\/ca\\\/\",\"name\":\"Adimir Atenci\u00f3n integral a personas con diversidad funcional\",\"description\":\"\",\"publisher\":{\"@id\":\"https:\\\/\\\/adimir.org\\\/ca\\\/#organization\"},\"potentialAction\":[{\"@type\":\"SearchAction\",\"target\":{\"@type\":\"EntryPoint\",\"urlTemplate\":\"https:\\\/\\\/adimir.org\\\/ca\\\/?s={search_term_string}\"},\"query-input\":{\"@type\":\"PropertyValueSpecification\",\"valueRequired\":true,\"valueName\":\"search_term_string\"}}],\"inLanguage\":\"ca\"},{\"@type\":\"Organization\",\"@id\":\"https:\\\/\\\/adimir.org\\\/ca\\\/#organization\",\"name\":\"Adimir Atenci\u00f3n integral a personas con diversidad funcional\",\"url\":\"https:\\\/\\\/adimir.org\\\/ca\\\/\",\"logo\":{\"@type\":\"ImageObject\",\"inLanguage\":\"ca\",\"@id\":\"https:\\\/\\\/adimir.org\\\/ca\\\/#\\\/schema\\\/logo\\\/image\\\/\",\"url\":\"https:\\\/\\\/adimir.pruebasweb.com.es\\\/wp-content\\\/uploads\\\/2024\\\/08\\\/Adimir-500.png\",\"contentUrl\":\"https:\\\/\\\/adimir.pruebasweb.com.es\\\/wp-content\\\/uploads\\\/2024\\\/08\\\/Adimir-500.png\",\"width\":500,\"height\":273,\"caption\":\"Adimir Atenci\u00f3n integral a personas con diversidad funcional\"},\"image\":{\"@id\":\"https:\\\/\\\/adimir.org\\\/ca\\\/#\\\/schema\\\/logo\\\/image\\\/\"}},{\"@type\":\"Person\",\"@id\":\"https:\\\/\\\/adimir.org\\\/ca\\\/#\\\/schema\\\/person\\\/f65eede23c01b73d8aed0c19a47babf0\",\"name\":\"Adimir\",\"sameAs\":[\"https:\\\/\\\/adimir.org\"],\"url\":\"https:\\\/\\\/Adimir.org\\\/ca\\\/author\\\/Adimir\\\/\"}]}<\/script>\n<!-- \/ Yoast SEO plugin. -->","yoast_head_json":{"title":"ADIMIR visita la unitat AIDA a Ripollet - Lectura f\u00e0cil","description":"L'equip de ADIMIR visita la unitat AIDA, un equip especialitzat en l'atenci\u00f3 integral a persones amb discapacitat que sofreixen abusos.","robots":{"index":"index","follow":"follow","max-snippet":"max-snippet:-1","max-image-preview":"max-image-preview:large","max-video-preview":"max-video-preview:-1"},"canonical":"https:\/\/adimir.org\/ca\/adimir-visita-unitat-aida-lectura-facil\/","og_locale":"ca_ES","og_type":"article","og_title":"ADIMIR visita la unitat AIDA a Ripollet - Lectura f\u00e0cil","og_description":"L'equip de ADIMIR visita la unitat AIDA, un equip especialitzat en l'atenci\u00f3 integral a persones amb discapacitat que sofreixen abusos.","og_url":"https:\/\/adimir.org\/ca\/adimir-visita-unitat-aida-lectura-facil\/","og_site_name":"Adimir Atenci\u00f3n integral a personas con diversidad funcional","article_published_time":"2026-04-24T10:38:32+00:00","article_modified_time":"2026-04-24T11:20:52+00:00","og_image":[{"width":1350,"height":850,"url":"https:\/\/adimir.org\/wp-content\/uploads\/adimir-AIDA.webp","type":"image\/webp"}],"author":"Adimir","twitter_card":"summary_large_image","twitter_misc":{"Escrit per":"Adimir","Temps estimat de lectura":"2 minuts"},"schema":{"@context":"https:\/\/schema.org","@graph":[{"@type":"Article","@id":"https:\/\/adimir.org\/ca\/adimir-visita-unitat-aida-lectura-facil\/#article","isPartOf":{"@id":"https:\/\/adimir.org\/ca\/adimir-visita-unitat-aida-lectura-facil\/"},"author":{"name":"Adimir","@id":"https:\/\/adimir.org\/ca\/#\/schema\/person\/f65eede23c01b73d8aed0c19a47babf0"},"headline":"ADIMIR visita la Unitat AIDA &#8211; Lectura F\u00e0cil","datePublished":"2026-04-24T10:38:32+00:00","dateModified":"2026-04-24T11:20:52+00:00","mainEntityOfPage":{"@id":"https:\/\/adimir.org\/ca\/adimir-visita-unitat-aida-lectura-facil\/"},"wordCount":6071,"publisher":{"@id":"https:\/\/adimir.org\/ca\/#organization"},"image":{"@id":"https:\/\/adimir.org\/ca\/adimir-visita-unitat-aida-lectura-facil\/#primaryimage"},"thumbnailUrl":"https:\/\/adimir.org\/wp-content\/uploads\/adimir-AIDA.webp","articleSection":["Not\u00edcies lectura f\u00e0cil"],"inLanguage":"ca"},{"@type":"WebPage","@id":"https:\/\/adimir.org\/ca\/adimir-visita-unitat-aida-lectura-facil\/","url":"https:\/\/adimir.org\/ca\/adimir-visita-unitat-aida-lectura-facil\/","name":"ADIMIR visita la unitat AIDA a Ripollet - Lectura f\u00e0cil","isPartOf":{"@id":"https:\/\/adimir.org\/ca\/#website"},"primaryImageOfPage":{"@id":"https:\/\/adimir.org\/ca\/adimir-visita-unitat-aida-lectura-facil\/#primaryimage"},"image":{"@id":"https:\/\/adimir.org\/ca\/adimir-visita-unitat-aida-lectura-facil\/#primaryimage"},"thumbnailUrl":"https:\/\/adimir.org\/wp-content\/uploads\/adimir-AIDA.webp","datePublished":"2026-04-24T10:38:32+00:00","dateModified":"2026-04-24T11:20:52+00:00","description":"L'equip de ADIMIR visita la unitat AIDA, un equip especialitzat en l'atenci\u00f3 integral a persones amb discapacitat que sofreixen abusos.","breadcrumb":{"@id":"https:\/\/adimir.org\/ca\/adimir-visita-unitat-aida-lectura-facil\/#breadcrumb"},"inLanguage":"ca","potentialAction":[{"@type":"ReadAction","target":["https:\/\/adimir.org\/ca\/adimir-visita-unitat-aida-lectura-facil\/"]}]},{"@type":"ImageObject","inLanguage":"ca","@id":"https:\/\/adimir.org\/ca\/adimir-visita-unitat-aida-lectura-facil\/#primaryimage","url":"https:\/\/adimir.org\/wp-content\/uploads\/adimir-AIDA.webp","contentUrl":"https:\/\/adimir.org\/wp-content\/uploads\/adimir-AIDA.webp","width":1350,"height":850,"caption":"ADIMIR visita la unidad AIDA en Ripollet"},{"@type":"BreadcrumbList","@id":"https:\/\/adimir.org\/ca\/adimir-visita-unitat-aida-lectura-facil\/#breadcrumb","itemListElement":[{"@type":"ListItem","position":1,"name":"Inicio","item":"https:\/\/adimir.org\/ca\/"},{"@type":"ListItem","position":2,"name":"ADIMIR visita la Unitat AIDA &#8211; Lectura F\u00e0cil"}]},{"@type":"WebSite","@id":"https:\/\/adimir.org\/ca\/#website","url":"https:\/\/adimir.org\/ca\/","name":"Adimir Atenci\u00f3n integral a personas con diversidad funcional","description":"","publisher":{"@id":"https:\/\/adimir.org\/ca\/#organization"},"potentialAction":[{"@type":"SearchAction","target":{"@type":"EntryPoint","urlTemplate":"https:\/\/adimir.org\/ca\/?s={search_term_string}"},"query-input":{"@type":"PropertyValueSpecification","valueRequired":true,"valueName":"search_term_string"}}],"inLanguage":"ca"},{"@type":"Organization","@id":"https:\/\/adimir.org\/ca\/#organization","name":"Adimir Atenci\u00f3n integral a personas con diversidad funcional","url":"https:\/\/adimir.org\/ca\/","logo":{"@type":"ImageObject","inLanguage":"ca","@id":"https:\/\/adimir.org\/ca\/#\/schema\/logo\/image\/","url":"https:\/\/adimir.pruebasweb.com.es\/wp-content\/uploads\/2024\/08\/Adimir-500.png","contentUrl":"https:\/\/adimir.pruebasweb.com.es\/wp-content\/uploads\/2024\/08\/Adimir-500.png","width":500,"height":273,"caption":"Adimir Atenci\u00f3n integral a personas con diversidad funcional"},"image":{"@id":"https:\/\/adimir.org\/ca\/#\/schema\/logo\/image\/"}},{"@type":"Person","@id":"https:\/\/adimir.org\/ca\/#\/schema\/person\/f65eede23c01b73d8aed0c19a47babf0","name":"Adimir","sameAs":["https:\/\/adimir.org"],"url":"https:\/\/Adimir.org\/ca\/author\/Adimir\/"}]}},"_links":{"self":[{"href":"https:\/\/adimir.org\/ca\/wp-json\/wp\/v2\/posts\/40641","targetHints":{"allow":["GET"]}}],"collection":[{"href":"https:\/\/adimir.org\/ca\/wp-json\/wp\/v2\/posts"}],"about":[{"href":"https:\/\/adimir.org\/ca\/wp-json\/wp\/v2\/types\/post"}],"author":[{"embeddable":true,"href":"https:\/\/adimir.org\/ca\/wp-json\/wp\/v2\/users\/1"}],"replies":[{"embeddable":true,"href":"https:\/\/adimir.org\/ca\/wp-json\/wp\/v2\/comments?post=40641"}],"version-history":[{"count":7,"href":"https:\/\/adimir.org\/ca\/wp-json\/wp\/v2\/posts\/40641\/revisions"}],"predecessor-version":[{"id":40650,"href":"https:\/\/adimir.org\/ca\/wp-json\/wp\/v2\/posts\/40641\/revisions\/40650"}],"wp:featuredmedia":[{"embeddable":true,"href":"https:\/\/adimir.org\/ca\/wp-json\/wp\/v2\/media\/40633"}],"wp:attachment":[{"href":"https:\/\/adimir.org\/ca\/wp-json\/wp\/v2\/media?parent=40641"}],"wp:term":[{"taxonomy":"category","embeddable":true,"href":"https:\/\/adimir.org\/ca\/wp-json\/wp\/v2\/categories?post=40641"},{"taxonomy":"post_tag","embeddable":true,"href":"https:\/\/adimir.org\/ca\/wp-json\/wp\/v2\/tags?post=40641"}],"curies":[{"name":"wp","href":"https:\/\/api.w.org\/{rel}","templated":true}]}}