{"id":7029,"date":"2018-07-12T16:16:07","date_gmt":"2018-07-12T14:16:07","guid":{"rendered":"https:\/\/adimir.org\/taller-de-korfball-inclusivo-10-07-2018\/"},"modified":"2025-06-03T13:19:59","modified_gmt":"2025-06-03T11:19:59","slug":"taller-de-korfball-inclusivo-10-07-2018","status":"publish","type":"post","link":"https:\/\/adimir.org\/ca\/taller-de-korfball-inclusivo-10-07-2018\/","title":{"rendered":"Taller de Korfball inclusiu 10\/07\/2018"},"content":{"rendered":"<div class=\"fusion-fullwidth fullwidth-box fusion-builder-row-1 fusion-flex-container has-pattern-background has-mask-background nonhundred-percent-fullwidth non-hundred-percent-height-scrolling\" style=\"--awb-border-radius-top-left:0px;--awb-border-radius-top-right:0px;--awb-border-radius-bottom-right:0px;--awb-border-radius-bottom-left:0px;--awb-flex-wrap:wrap;\" ><div class=\"fusion-builder-row fusion-row fusion-flex-align-items-flex-start fusion-flex-content-wrap\" style=\"max-width:1508px;margin-left: calc(-4% \/ 2 );margin-right: calc(-4% \/ 2 );\"><div class=\"fusion-layout-column fusion_builder_column fusion-builder-column-0 fusion_builder_column_1_1 1_1 fusion-flex-column\" style=\"--awb-bg-size:cover;--awb-width-large:100%;--awb-margin-top-large:0px;--awb-spacing-right-large:1.92%;--awb-margin-bottom-large:20px;--awb-spacing-left-large:1.92%;--awb-width-medium:100%;--awb-order-medium:0;--awb-spacing-right-medium:1.92%;--awb-spacing-left-medium:1.92%;--awb-width-small:100%;--awb-order-small:0;--awb-spacing-right-small:1.92%;--awb-spacing-left-small:1.92%;\"><div class=\"fusion-column-wrapper fusion-column-has-shadow fusion-flex-justify-content-flex-start fusion-content-layout-column\"><div class=\"fusion-text fusion-text-1\" style=\"--awb-content-alignment:justify;--awb-font-size:var(--awb-typography4-font-size);--awb-line-height:var(--awb-typography4-line-height);--awb-letter-spacing:var(--awb-typography4-letter-spacing);--awb-text-transform:var(--awb-typography4-text-transform);--awb-text-color:var(--awb-color5);--awb-text-font-family:var(--awb-typography4-font-family);--awb-text-font-weight:var(--awb-typography4-font-weight);--awb-text-font-style:var(--awb-typography4-font-style);\"><p><strong>El Casal d\u2019estiu dels joves de Adimir han participat en un taller de Korfball inclusiu<\/strong>, que es va celebrar el passat 10 de juliol d\u2019aquest any en <strong>l\u2019institut Montserrat Mir\u00f3 i Vila (Montcada i Reixac).<\/strong><\/p>\n<p>L\u2019activitat <strong>s\u2019ha pogut dur a terme gr\u00e0cies a l\u2019atenci\u00f3 rebuda per 5 entrenadors i jugadors de l\u2019Associaci\u00f3 esportiva Mir\u00f3<\/strong>.<\/p>\n<p>L\u2019objectiu del taller ha sigut donar a con\u00e8ixer l\u2019activitat esportiva als joves participants del Casal d\u2019estiu de Adimir.<\/p>\n<p>La pr\u00e0ctica d\u2019aquest esport s\u2019assembla a l\u2019handbol, on dos equips mixts (nois i noies) han de marcar punts en canastres semblants a les utilitzades en b\u00e0squet.<\/p>\n<p>La trobada d\u2019aquests 2 grups ha estat molt enriquidora per a tots, i ha brindat l\u2019oportunitat de poder compartir una activitat esportiva i una experi\u00e8ncia on tots han sortit aprenent que la inclusi\u00f3 \u00e9s una forma de vida en la qual tots se SUMEN!<\/p>\n<p><strong>Gr\u00e0cies a la AEE Mir\u00f3! <\/strong><\/p>\n<\/div><div class=\"fusion-image-element \" style=\"text-align:center;--awb-caption-title-font-family:var(--h2_typography-font-family);--awb-caption-title-font-weight:var(--h2_typography-font-weight);--awb-caption-title-font-style:var(--h2_typography-font-style);--awb-caption-title-size:var(--h2_typography-font-size);--awb-caption-title-transform:var(--h2_typography-text-transform);--awb-caption-title-line-height:var(--h2_typography-line-height);--awb-caption-title-letter-spacing:var(--h2_typography-letter-spacing);\"><span class=\" fusion-imageframe imageframe-none imageframe-1 hover-type-none\"><img decoding=\"async\" width=\"800\" height=\"600\" alt=\"Sus majestades los reyes magos han repartido juguetes y regalos a 45 ni\u00f1@s en el centro ADIMIR\" title=\"Korfball inclusivo\" src=\"https:\/\/adimir.org\/wp-content\/uploads\/Korfballinclusivo.webp\" class=\"img-responsive wp-image-5531\" srcset=\"https:\/\/adimir.org\/wp-content\/uploads\/Korfballinclusivo-200x150.webp 200w, https:\/\/adimir.org\/wp-content\/uploads\/Korfballinclusivo-400x300.webp 400w, https:\/\/adimir.org\/wp-content\/uploads\/Korfballinclusivo-600x450.webp 600w, https:\/\/adimir.org\/wp-content\/uploads\/Korfballinclusivo.webp 800w\" sizes=\"(max-width: 640px) 100vw, 800px\" \/><\/span><\/div><\/div><\/div><\/div><\/div>\n","protected":false},"excerpt":{"rendered":"","protected":false},"author":1,"featured_media":5531,"comment_status":"closed","ping_status":"closed","sticky":false,"template":"","format":"standard","meta":{"footnotes":""},"categories":[103],"tags":[],"class_list":["post-7029","post","type-post","status-publish","format-standard","has-post-thumbnail","hentry","category-noticies"],"yoast_head":"<!-- This site is optimized with the Yoast SEO plugin v27.5 - https:\/\/yoast.com\/product\/yoast-seo-wordpress\/ -->\n<title>Taller de Korfball inclusiu - ADIMIR<\/title>\n<meta name=\"description\" content=\"El casal d&#039;estiu dels joves de Adimir ha participat en un taller de Korfball inclusiu que es va celebrar en el INS Montserrat Mir\u00f3 i Vil\u00e0.\" \/>\n<meta name=\"robots\" content=\"index, follow, max-snippet:-1, max-image-preview:large, max-video-preview:-1\" \/>\n<link rel=\"canonical\" href=\"https:\/\/adimir.org\/ca\/taller-de-korfball-inclusivo-10-07-2018\/\" \/>\n<meta property=\"og:locale\" content=\"ca_ES\" \/>\n<meta property=\"og:type\" content=\"article\" \/>\n<meta property=\"og:title\" content=\"Taller de Korfball inclusiu - ADIMIR\" \/>\n<meta property=\"og:description\" content=\"El casal d&#039;estiu dels joves de Adimir ha participat en un taller de Korfball inclusiu que es va celebrar en el INS Montserrat Mir\u00f3 i Vil\u00e0.\" \/>\n<meta property=\"og:url\" content=\"https:\/\/adimir.org\/ca\/taller-de-korfball-inclusivo-10-07-2018\/\" \/>\n<meta property=\"og:site_name\" content=\"Adimir Atenci\u00f3n integral a personas con diversidad funcional\" \/>\n<meta property=\"article:published_time\" content=\"2018-07-12T14:16:07+00:00\" \/>\n<meta property=\"article:modified_time\" content=\"2025-06-03T11:19:59+00:00\" \/>\n<meta property=\"og:image\" content=\"https:\/\/adimir.org\/wp-content\/uploads\/Korfballinclusivo.webp\" \/>\n\t<meta property=\"og:image:width\" content=\"800\" \/>\n\t<meta property=\"og:image:height\" content=\"600\" \/>\n\t<meta property=\"og:image:type\" content=\"image\/webp\" \/>\n<meta name=\"author\" content=\"Adimir\" \/>\n<meta name=\"twitter:card\" content=\"summary_large_image\" \/>\n<meta name=\"twitter:label1\" content=\"Escrit per\" \/>\n\t<meta name=\"twitter:data1\" content=\"Adimir\" \/>\n\t<meta name=\"twitter:label2\" content=\"Temps estimat de lectura\" \/>\n\t<meta name=\"twitter:data2\" content=\"2 minuts\" \/>\n<script type=\"application\/ld+json\" class=\"yoast-schema-graph\">{\"@context\":\"https:\\\/\\\/schema.org\",\"@graph\":[{\"@type\":\"Article\",\"@id\":\"https:\\\/\\\/adimir.org\\\/ca\\\/taller-de-korfball-inclusivo-10-07-2018\\\/#article\",\"isPartOf\":{\"@id\":\"https:\\\/\\\/adimir.org\\\/ca\\\/taller-de-korfball-inclusivo-10-07-2018\\\/\"},\"author\":{\"name\":\"Adimir\",\"@id\":\"https:\\\/\\\/adimir.org\\\/ca\\\/#\\\/schema\\\/person\\\/f65eede23c01b73d8aed0c19a47babf0\"},\"headline\":\"Taller de Korfball inclusiu 10\\\/07\\\/2018\",\"datePublished\":\"2018-07-12T14:16:07+00:00\",\"dateModified\":\"2025-06-03T11:19:59+00:00\",\"mainEntityOfPage\":{\"@id\":\"https:\\\/\\\/adimir.org\\\/ca\\\/taller-de-korfball-inclusivo-10-07-2018\\\/\"},\"wordCount\":1596,\"publisher\":{\"@id\":\"https:\\\/\\\/adimir.org\\\/ca\\\/#organization\"},\"image\":{\"@id\":\"https:\\\/\\\/adimir.org\\\/ca\\\/taller-de-korfball-inclusivo-10-07-2018\\\/#primaryimage\"},\"thumbnailUrl\":\"https:\\\/\\\/adimir.org\\\/wp-content\\\/uploads\\\/Korfballinclusivo.webp\",\"articleSection\":[\"Not\u00edcies\"],\"inLanguage\":\"ca\"},{\"@type\":\"WebPage\",\"@id\":\"https:\\\/\\\/adimir.org\\\/ca\\\/taller-de-korfball-inclusivo-10-07-2018\\\/\",\"url\":\"https:\\\/\\\/adimir.org\\\/ca\\\/taller-de-korfball-inclusivo-10-07-2018\\\/\",\"name\":\"Taller de Korfball inclusiu - ADIMIR\",\"isPartOf\":{\"@id\":\"https:\\\/\\\/adimir.org\\\/ca\\\/#website\"},\"primaryImageOfPage\":{\"@id\":\"https:\\\/\\\/adimir.org\\\/ca\\\/taller-de-korfball-inclusivo-10-07-2018\\\/#primaryimage\"},\"image\":{\"@id\":\"https:\\\/\\\/adimir.org\\\/ca\\\/taller-de-korfball-inclusivo-10-07-2018\\\/#primaryimage\"},\"thumbnailUrl\":\"https:\\\/\\\/adimir.org\\\/wp-content\\\/uploads\\\/Korfballinclusivo.webp\",\"datePublished\":\"2018-07-12T14:16:07+00:00\",\"dateModified\":\"2025-06-03T11:19:59+00:00\",\"description\":\"El casal d'estiu dels joves de Adimir ha participat en un taller de Korfball inclusiu que es va celebrar en el INS Montserrat Mir\u00f3 i Vil\u00e0.\",\"breadcrumb\":{\"@id\":\"https:\\\/\\\/adimir.org\\\/ca\\\/taller-de-korfball-inclusivo-10-07-2018\\\/#breadcrumb\"},\"inLanguage\":\"ca\",\"potentialAction\":[{\"@type\":\"ReadAction\",\"target\":[\"https:\\\/\\\/adimir.org\\\/ca\\\/taller-de-korfball-inclusivo-10-07-2018\\\/\"]}]},{\"@type\":\"ImageObject\",\"inLanguage\":\"ca\",\"@id\":\"https:\\\/\\\/adimir.org\\\/ca\\\/taller-de-korfball-inclusivo-10-07-2018\\\/#primaryimage\",\"url\":\"https:\\\/\\\/adimir.org\\\/wp-content\\\/uploads\\\/Korfballinclusivo.webp\",\"contentUrl\":\"https:\\\/\\\/adimir.org\\\/wp-content\\\/uploads\\\/Korfballinclusivo.webp\",\"width\":800,\"height\":600},{\"@type\":\"BreadcrumbList\",\"@id\":\"https:\\\/\\\/adimir.org\\\/ca\\\/taller-de-korfball-inclusivo-10-07-2018\\\/#breadcrumb\",\"itemListElement\":[{\"@type\":\"ListItem\",\"position\":1,\"name\":\"Inicio\",\"item\":\"https:\\\/\\\/adimir.org\\\/ca\\\/\"},{\"@type\":\"ListItem\",\"position\":2,\"name\":\"Taller de Korfball inclusiu 10\\\/07\\\/2018\"}]},{\"@type\":\"WebSite\",\"@id\":\"https:\\\/\\\/adimir.org\\\/ca\\\/#website\",\"url\":\"https:\\\/\\\/adimir.org\\\/ca\\\/\",\"name\":\"Adimir Atenci\u00f3n integral a personas con diversidad funcional\",\"description\":\"\",\"publisher\":{\"@id\":\"https:\\\/\\\/adimir.org\\\/ca\\\/#organization\"},\"potentialAction\":[{\"@type\":\"SearchAction\",\"target\":{\"@type\":\"EntryPoint\",\"urlTemplate\":\"https:\\\/\\\/adimir.org\\\/ca\\\/?s={search_term_string}\"},\"query-input\":{\"@type\":\"PropertyValueSpecification\",\"valueRequired\":true,\"valueName\":\"search_term_string\"}}],\"inLanguage\":\"ca\"},{\"@type\":\"Organization\",\"@id\":\"https:\\\/\\\/adimir.org\\\/ca\\\/#organization\",\"name\":\"Adimir Atenci\u00f3n integral a personas con diversidad funcional\",\"url\":\"https:\\\/\\\/adimir.org\\\/ca\\\/\",\"logo\":{\"@type\":\"ImageObject\",\"inLanguage\":\"ca\",\"@id\":\"https:\\\/\\\/adimir.org\\\/ca\\\/#\\\/schema\\\/logo\\\/image\\\/\",\"url\":\"https:\\\/\\\/adimir.pruebasweb.com.es\\\/wp-content\\\/uploads\\\/2024\\\/08\\\/Adimir-500.png\",\"contentUrl\":\"https:\\\/\\\/adimir.pruebasweb.com.es\\\/wp-content\\\/uploads\\\/2024\\\/08\\\/Adimir-500.png\",\"width\":500,\"height\":273,\"caption\":\"Adimir Atenci\u00f3n integral a personas con diversidad funcional\"},\"image\":{\"@id\":\"https:\\\/\\\/adimir.org\\\/ca\\\/#\\\/schema\\\/logo\\\/image\\\/\"}},{\"@type\":\"Person\",\"@id\":\"https:\\\/\\\/adimir.org\\\/ca\\\/#\\\/schema\\\/person\\\/f65eede23c01b73d8aed0c19a47babf0\",\"name\":\"Adimir\",\"sameAs\":[\"https:\\\/\\\/adimir.org\"],\"url\":\"https:\\\/\\\/Adimir.org\\\/ca\\\/author\\\/Adimir\\\/\"}]}<\/script>\n<!-- \/ Yoast SEO plugin. -->","yoast_head_json":{"title":"Taller de Korfball inclusiu - ADIMIR","description":"El casal d'estiu dels joves de Adimir ha participat en un taller de Korfball inclusiu que es va celebrar en el INS Montserrat Mir\u00f3 i Vil\u00e0.","robots":{"index":"index","follow":"follow","max-snippet":"max-snippet:-1","max-image-preview":"max-image-preview:large","max-video-preview":"max-video-preview:-1"},"canonical":"https:\/\/adimir.org\/ca\/taller-de-korfball-inclusivo-10-07-2018\/","og_locale":"ca_ES","og_type":"article","og_title":"Taller de Korfball inclusiu - ADIMIR","og_description":"El casal d'estiu dels joves de Adimir ha participat en un taller de Korfball inclusiu que es va celebrar en el INS Montserrat Mir\u00f3 i Vil\u00e0.","og_url":"https:\/\/adimir.org\/ca\/taller-de-korfball-inclusivo-10-07-2018\/","og_site_name":"Adimir Atenci\u00f3n integral a personas con diversidad funcional","article_published_time":"2018-07-12T14:16:07+00:00","article_modified_time":"2025-06-03T11:19:59+00:00","og_image":[{"width":800,"height":600,"url":"https:\/\/adimir.org\/wp-content\/uploads\/Korfballinclusivo.webp","type":"image\/webp"}],"author":"Adimir","twitter_card":"summary_large_image","twitter_misc":{"Escrit per":"Adimir","Temps estimat de lectura":"2 minuts"},"schema":{"@context":"https:\/\/schema.org","@graph":[{"@type":"Article","@id":"https:\/\/adimir.org\/ca\/taller-de-korfball-inclusivo-10-07-2018\/#article","isPartOf":{"@id":"https:\/\/adimir.org\/ca\/taller-de-korfball-inclusivo-10-07-2018\/"},"author":{"name":"Adimir","@id":"https:\/\/adimir.org\/ca\/#\/schema\/person\/f65eede23c01b73d8aed0c19a47babf0"},"headline":"Taller de Korfball inclusiu 10\/07\/2018","datePublished":"2018-07-12T14:16:07+00:00","dateModified":"2025-06-03T11:19:59+00:00","mainEntityOfPage":{"@id":"https:\/\/adimir.org\/ca\/taller-de-korfball-inclusivo-10-07-2018\/"},"wordCount":1596,"publisher":{"@id":"https:\/\/adimir.org\/ca\/#organization"},"image":{"@id":"https:\/\/adimir.org\/ca\/taller-de-korfball-inclusivo-10-07-2018\/#primaryimage"},"thumbnailUrl":"https:\/\/adimir.org\/wp-content\/uploads\/Korfballinclusivo.webp","articleSection":["Not\u00edcies"],"inLanguage":"ca"},{"@type":"WebPage","@id":"https:\/\/adimir.org\/ca\/taller-de-korfball-inclusivo-10-07-2018\/","url":"https:\/\/adimir.org\/ca\/taller-de-korfball-inclusivo-10-07-2018\/","name":"Taller de Korfball inclusiu - ADIMIR","isPartOf":{"@id":"https:\/\/adimir.org\/ca\/#website"},"primaryImageOfPage":{"@id":"https:\/\/adimir.org\/ca\/taller-de-korfball-inclusivo-10-07-2018\/#primaryimage"},"image":{"@id":"https:\/\/adimir.org\/ca\/taller-de-korfball-inclusivo-10-07-2018\/#primaryimage"},"thumbnailUrl":"https:\/\/adimir.org\/wp-content\/uploads\/Korfballinclusivo.webp","datePublished":"2018-07-12T14:16:07+00:00","dateModified":"2025-06-03T11:19:59+00:00","description":"El casal d'estiu dels joves de Adimir ha participat en un taller de Korfball inclusiu que es va celebrar en el INS Montserrat Mir\u00f3 i Vil\u00e0.","breadcrumb":{"@id":"https:\/\/adimir.org\/ca\/taller-de-korfball-inclusivo-10-07-2018\/#breadcrumb"},"inLanguage":"ca","potentialAction":[{"@type":"ReadAction","target":["https:\/\/adimir.org\/ca\/taller-de-korfball-inclusivo-10-07-2018\/"]}]},{"@type":"ImageObject","inLanguage":"ca","@id":"https:\/\/adimir.org\/ca\/taller-de-korfball-inclusivo-10-07-2018\/#primaryimage","url":"https:\/\/adimir.org\/wp-content\/uploads\/Korfballinclusivo.webp","contentUrl":"https:\/\/adimir.org\/wp-content\/uploads\/Korfballinclusivo.webp","width":800,"height":600},{"@type":"BreadcrumbList","@id":"https:\/\/adimir.org\/ca\/taller-de-korfball-inclusivo-10-07-2018\/#breadcrumb","itemListElement":[{"@type":"ListItem","position":1,"name":"Inicio","item":"https:\/\/adimir.org\/ca\/"},{"@type":"ListItem","position":2,"name":"Taller de Korfball inclusiu 10\/07\/2018"}]},{"@type":"WebSite","@id":"https:\/\/adimir.org\/ca\/#website","url":"https:\/\/adimir.org\/ca\/","name":"Adimir Atenci\u00f3n integral a personas con diversidad funcional","description":"","publisher":{"@id":"https:\/\/adimir.org\/ca\/#organization"},"potentialAction":[{"@type":"SearchAction","target":{"@type":"EntryPoint","urlTemplate":"https:\/\/adimir.org\/ca\/?s={search_term_string}"},"query-input":{"@type":"PropertyValueSpecification","valueRequired":true,"valueName":"search_term_string"}}],"inLanguage":"ca"},{"@type":"Organization","@id":"https:\/\/adimir.org\/ca\/#organization","name":"Adimir Atenci\u00f3n integral a personas con diversidad funcional","url":"https:\/\/adimir.org\/ca\/","logo":{"@type":"ImageObject","inLanguage":"ca","@id":"https:\/\/adimir.org\/ca\/#\/schema\/logo\/image\/","url":"https:\/\/adimir.pruebasweb.com.es\/wp-content\/uploads\/2024\/08\/Adimir-500.png","contentUrl":"https:\/\/adimir.pruebasweb.com.es\/wp-content\/uploads\/2024\/08\/Adimir-500.png","width":500,"height":273,"caption":"Adimir Atenci\u00f3n integral a personas con diversidad funcional"},"image":{"@id":"https:\/\/adimir.org\/ca\/#\/schema\/logo\/image\/"}},{"@type":"Person","@id":"https:\/\/adimir.org\/ca\/#\/schema\/person\/f65eede23c01b73d8aed0c19a47babf0","name":"Adimir","sameAs":["https:\/\/adimir.org"],"url":"https:\/\/Adimir.org\/ca\/author\/Adimir\/"}]}},"_links":{"self":[{"href":"https:\/\/adimir.org\/ca\/wp-json\/wp\/v2\/posts\/7029","targetHints":{"allow":["GET"]}}],"collection":[{"href":"https:\/\/adimir.org\/ca\/wp-json\/wp\/v2\/posts"}],"about":[{"href":"https:\/\/adimir.org\/ca\/wp-json\/wp\/v2\/types\/post"}],"author":[{"embeddable":true,"href":"https:\/\/adimir.org\/ca\/wp-json\/wp\/v2\/users\/1"}],"replies":[{"embeddable":true,"href":"https:\/\/adimir.org\/ca\/wp-json\/wp\/v2\/comments?post=7029"}],"version-history":[{"count":0,"href":"https:\/\/adimir.org\/ca\/wp-json\/wp\/v2\/posts\/7029\/revisions"}],"wp:featuredmedia":[{"embeddable":true,"href":"https:\/\/adimir.org\/ca\/wp-json\/wp\/v2\/media\/5531"}],"wp:attachment":[{"href":"https:\/\/adimir.org\/ca\/wp-json\/wp\/v2\/media?parent=7029"}],"wp:term":[{"taxonomy":"category","embeddable":true,"href":"https:\/\/adimir.org\/ca\/wp-json\/wp\/v2\/categories?post=7029"},{"taxonomy":"post_tag","embeddable":true,"href":"https:\/\/adimir.org\/ca\/wp-json\/wp\/v2\/tags?post=7029"}],"curies":[{"name":"wp","href":"https:\/\/api.w.org\/{rel}","templated":true}]}}